{"id":141805,"date":"2025-07-10T17:21:38","date_gmt":"2025-07-10T20:21:38","guid":{"rendered":"https:\/\/eldiariodesanpedro.com.ar\/sitio\/?p=141805"},"modified":"2025-07-10T17:21:43","modified_gmt":"2025-07-10T20:21:43","slug":"camion-de-pastas-y-lacteos-del-ministerio-de-desarrollo-agrario","status":"publish","type":"post","link":"https:\/\/eldiariodesanpedro.com.ar\/sitio\/camion-de-pastas-y-lacteos-del-ministerio-de-desarrollo-agrario\/","title":{"rendered":"Cami\u00f3n de Pastas y L\u00e1cteos del Ministerio de Desarrollo Agrario"},"content":{"rendered":"<!-- VideographyWP Plugin Message: Automatic video embedding prevented by plugin options. -->\n\n<p>En el marco del programa <strong>Mercados Bonaerenses<\/strong>, impulsado por el <strong>Ministerio de Desarrollo Agrario de la Provincia de Buenos Aires<\/strong>, la <strong>Municipalidad de San Pedro<\/strong> informa que <strong>el Cami\u00f3n de Pastas y L\u00e1cteos contin\u00faa su recorrido<\/strong> por las diferentes localidades del distrito, acercando <strong>productos esenciales de calidad a precios accesibles<\/strong>.<\/p>\n\n\n\n<p>Adem\u00e1s, el <strong>s\u00e1bado 12 de julio<\/strong>, se suma a la iniciativa el <strong>Cami\u00f3n de Pescados<\/strong>, que estar\u00e1 presente en la ciudad de <strong>San Pedro<\/strong>, <strong>ampliando la oferta de alimentos<\/strong> con productos del mar a <strong>valores populares<\/strong>.<\/p>\n\n\n\n<p>El cronograma de atenci\u00f3n ser\u00e1 el siguiente:<\/p>\n\n\n\n<p><strong>Viernes 11 de julio<\/strong><\/p>\n\n\n\n<ul class=\"wp-block-list\">\n<li><strong>R\u00edo Tala:<\/strong> de 8:30 a 14:00 hs \u2013 Frente a la Delegaci\u00f3n Municipal<\/li>\n\n\n\n<li><strong>Gobernador Castro:<\/strong> de 8:30 a 13:00 hs \u2013 Frente a la Delegaci\u00f3n Municipal<\/li>\n\n\n\n<li><strong>Pueblo Doyle:<\/strong> de 14:00 a 15:30 hs \u2013 Frente a la plaza<\/li>\n\n\n\n<li><strong>Santa Luc\u00eda:<\/strong> de 15:30 a 18:00 hs \u2013 Frente a la Delegaci\u00f3n Municipal<\/li>\n\n\n\n<li><strong>Vuelta de Obligado:<\/strong> de 16:30 a 18:00 hs \u2013 Plaza Santiago Moreira<\/li>\n<\/ul>\n\n\n\n<p><strong>S\u00e1bado 12 de julio<\/strong><\/p>\n\n\n\n<ul class=\"wp-block-list\">\n<li><strong>San Pedro:<\/strong> de 8:30 a 14:00 hs \u2013 Plaza Constituci\u00f3n<br>(con la <strong>presencia del Cami\u00f3n de Pescados<\/strong>)<\/li>\n<\/ul>\n\n\n\n<p>Desde el municipio se invita a <strong>todas las vecinas y vecinos<\/strong> a acercarse y <strong>aprovechar esta oportunidad<\/strong> de acceder a alimentos a precios populares. Esta iniciativa representa una <strong>acci\u00f3n conjunta que fortalece el consumo local y la econom\u00eda familiar<\/strong>, promoviendo el acceso a productos frescos y de calidad en cada rinc\u00f3n del distrito.<\/p>\n\n\n\n<p><strong>#MercadosBonaerenses #SanPedro #Cami\u00f3nDePastas #Cami\u00f3nDeL\u00e1cteos #Cami\u00f3nDePescados #PreciosPopulares #Econom\u00edaFamiliar #MinisterioDeDesarrolloAgrario #ConsumoLocal #ProductosEsenciales<\/strong><\/p>\n\n\n\n<figure class=\"wp-block-image size-full\"><img decoding=\"async\" width=\"630\" height=\"630\" data-attachment-id=\"141806\" data-permalink=\"https:\/\/eldiariodesanpedro.com.ar\/sitio\/camion-de-pastas-y-lacteos-del-ministerio-de-desarrollo-agrario\/imagen-de-whatsapp-2025-07-10-a-las-10-00-59_96ad2cde\/\" data-orig-file=\"https:\/\/eldiariodesanpedro.com.ar\/sitio\/wp-content\/uploads\/2025\/07\/Imagen-de-WhatsApp-2025-07-10-a-las-10.00.59_96ad2cde.jpg\" data-orig-size=\"630,630\" data-comments-opened=\"0\" data-image-meta=\"{&quot;aperture&quot;:&quot;0&quot;,&quot;credit&quot;:&quot;&quot;,&quot;camera&quot;:&quot;&quot;,&quot;caption&quot;:&quot;&quot;,&quot;created_timestamp&quot;:&quot;0&quot;,&quot;copyright&quot;:&quot;&quot;,&quot;focal_length&quot;:&quot;0&quot;,&quot;iso&quot;:&quot;0&quot;,&quot;shutter_speed&quot;:&quot;0&quot;,&quot;title&quot;:&quot;&quot;,&quot;orientation&quot;:&quot;0&quot;}\" data-image-title=\"Imagen de WhatsApp 2025-07-10 a las 10.00.59_96ad2cde\" data-image-description=\"\" data-image-caption=\"\" data-large-file=\"https:\/\/eldiariodesanpedro.com.ar\/sitio\/wp-content\/uploads\/2025\/07\/Imagen-de-WhatsApp-2025-07-10-a-las-10.00.59_96ad2cde.jpg\" data-src=\"https:\/\/eldiariodesanpedro.com.ar\/sitio\/wp-content\/uploads\/2025\/07\/Imagen-de-WhatsApp-2025-07-10-a-las-10.00.59_96ad2cde.jpg\" alt=\"\" class=\"wp-image-141806 lazyload\" data-srcset=\"https:\/\/eldiariodesanpedro.com.ar\/sitio\/wp-content\/uploads\/2025\/07\/Imagen-de-WhatsApp-2025-07-10-a-las-10.00.59_96ad2cde.jpg 630w, https:\/\/eldiariodesanpedro.com.ar\/sitio\/wp-content\/uploads\/2025\/07\/Imagen-de-WhatsApp-2025-07-10-a-las-10.00.59_96ad2cde-300x300.jpg 300w, https:\/\/eldiariodesanpedro.com.ar\/sitio\/wp-content\/uploads\/2025\/07\/Imagen-de-WhatsApp-2025-07-10-a-las-10.00.59_96ad2cde-150x150.jpg 150w\" data-sizes=\"(max-width: 630px) 100vw, 630px\" src=\"data:image\/svg+xml;base64,PHN2ZyB3aWR0aD0iMSIgaGVpZ2h0PSIxIiB4bWxucz0iaHR0cDovL3d3dy53My5vcmcvMjAwMC9zdmciPjwvc3ZnPg==\" style=\"--smush-placeholder-width: 630px; --smush-placeholder-aspect-ratio: 630\/630;\" \/><\/figure>\n","protected":false},"excerpt":{"rendered":"<p>En el marco del programa Mercados Bonaerenses, impulsado por el Ministerio de Desarrollo Agrario de la Provincia de Buenos Aires, la Municipalidad de San Pedro informa que el Cami\u00f3n de Pastas y L\u00e1cteos contin\u00faa su recorrido por las diferentes localidades del distrito, acercando productos esenciales de calidad a precios accesibles. Adem\u00e1s, el s\u00e1bado 12 de [&hellip;]<\/p>\n","protected":false},"author":4,"featured_media":33302,"comment_status":"closed","ping_status":"closed","sticky":false,"template":"","format":"standard","meta":{"om_disable_all_campaigns":false,"_jetpack_memberships_contains_paid_content":false,"footnotes":""},"categories":[101,2],"tags":[5071,5067,5068,5070,5077,5076,5075,5072,5069,5074,5073],"class_list":["post-141805","post","type-post","status-publish","format-standard","has-post-thumbnail","hentry","category-interes-general-locales","category-locales","tag-alimentos-a-bajo-costo","tag-camion-de-lacteos","tag-camion-de-pastas","tag-camion-de-pescados","tag-camion-itinerante-productos-esenciales","tag-consumo-local","tag-cronograma-camiones-alimentos-san-pedro","tag-economia-familiar","tag-mercados-bonaerenses","tag-ministerio-de-desarrollo-agrario-buenos-aires","tag-precios-populares-san-pedro"],"aioseo_notices":[],"gutentor_comment":0,"jetpack_featured_media_url":"https:\/\/eldiariodesanpedro.com.ar\/sitio\/wp-content\/uploads\/2018\/05\/Cami\u00f3n-de-Red-Comunitaria-en-san-pedro.jpeg","jetpack_shortlink":"https:\/\/wp.me\/p6RhLt-ATb","jetpack_sharing_enabled":true,"_links":{"self":[{"href":"https:\/\/eldiariodesanpedro.com.ar\/sitio\/wp-json\/wp\/v2\/posts\/141805","targetHints":{"allow":["GET"]}}],"collection":[{"href":"https:\/\/eldiariodesanpedro.com.ar\/sitio\/wp-json\/wp\/v2\/posts"}],"about":[{"href":"https:\/\/eldiariodesanpedro.com.ar\/sitio\/wp-json\/wp\/v2\/types\/post"}],"author":[{"embeddable":true,"href":"https:\/\/eldiariodesanpedro.com.ar\/sitio\/wp-json\/wp\/v2\/users\/4"}],"replies":[{"embeddable":true,"href":"https:\/\/eldiariodesanpedro.com.ar\/sitio\/wp-json\/wp\/v2\/comments?post=141805"}],"version-history":[{"count":1,"href":"https:\/\/eldiariodesanpedro.com.ar\/sitio\/wp-json\/wp\/v2\/posts\/141805\/revisions"}],"predecessor-version":[{"id":141807,"href":"https:\/\/eldiariodesanpedro.com.ar\/sitio\/wp-json\/wp\/v2\/posts\/141805\/revisions\/141807"}],"wp:featuredmedia":[{"embeddable":true,"href":"https:\/\/eldiariodesanpedro.com.ar\/sitio\/wp-json\/wp\/v2\/media\/33302"}],"wp:attachment":[{"href":"https:\/\/eldiariodesanpedro.com.ar\/sitio\/wp-json\/wp\/v2\/media?parent=141805"}],"wp:term":[{"taxonomy":"category","embeddable":true,"href":"https:\/\/eldiariodesanpedro.com.ar\/sitio\/wp-json\/wp\/v2\/categories?post=141805"},{"taxonomy":"post_tag","embeddable":true,"href":"https:\/\/eldiariodesanpedro.com.ar\/sitio\/wp-json\/wp\/v2\/tags?post=141805"}],"curies":[{"name":"wp","href":"https:\/\/api.w.org\/{rel}","templated":true}]}}