{"id":141803,"date":"2025-07-10T17:06:48","date_gmt":"2025-07-10T20:06:48","guid":{"rendered":"https:\/\/eldiariodesanpedro.com.ar\/sitio\/?p=141803"},"modified":"2026-01-24T00:47:35","modified_gmt":"2026-01-24T03:47:35","slug":"fallecio-carlos-alberto-cagnone-a-los-71-anos","status":"publish","type":"post","link":"https:\/\/eldiariodesanpedro.com.ar\/sitio\/fallecio-carlos-alberto-cagnone-a-los-71-anos\/","title":{"rendered":"Falleci\u00f3 Carlos Alberto Cagnone a los 71 a\u00f1os"},"content":{"rendered":"<!-- VideographyWP Plugin Message: Automatic video embedding prevented by plugin options. -->\n\n<p><strong>Carlos Alberto Cagnone<\/strong>, de <strong>71 a\u00f1os<\/strong>, falleci\u00f3 recientemente en la ciudad de <strong>San Pedro<\/strong>. Sus restos son velados en la <strong>sala velatoria N\u00b0 3<\/strong> de <strong>COOPSER Servicios Sociales<\/strong>, ubicada en <strong>3 de Febrero 1475<\/strong>.<\/p>\n\n\n\n<p>El <strong>servicio de despedida<\/strong> se extender\u00e1 hasta las <strong>12:00 horas del viernes 11 de julio de 2025<\/strong>.<\/p>\n\n\n\n<p>Desde la comunidad acompa\u00f1amos a sus familiares y seres queridos en este dif\u00edcil momento, brind\u00e1ndoles nuestras m\u00e1s sinceras condolencias.<\/p>\n\n\n\n<p><strong>#CarlosCagnone #Fallecimiento #ObituarioSanPedro #COOPSER #SalaVelatoria #SanPedro2025 #Despedida #ServiciosFunerarios #NoticiasSanPedro #\u00daltimoAdi\u00f3s #VelatorioSanPedro<\/strong><\/p>\n","protected":false},"excerpt":{"rendered":"<p>Carlos Alberto Cagnone, de 71 a\u00f1os, falleci\u00f3 recientemente en la ciudad de San Pedro. Sus restos son velados en la sala velatoria N\u00b0 3 de COOPSER Servicios Sociales, ubicada en 3 de Febrero 1475. El servicio de despedida se extender\u00e1 hasta las 12:00 horas del viernes 11 de julio de 2025. Desde la comunidad acompa\u00f1amos [&hellip;]<\/p>\n","protected":false},"author":4,"featured_media":113757,"comment_status":"closed","ping_status":"closed","sticky":false,"template":"","format":"standard","meta":{"om_disable_all_campaigns":false,"_jetpack_memberships_contains_paid_content":false,"footnotes":""},"categories":[8424],"tags":[],"class_list":["post-141803","post","type-post","status-publish","format-standard","has-post-thumbnail","hentry","category-necrologicas"],"aioseo_notices":[],"gutentor_comment":0,"jetpack_featured_media_url":"https:\/\/eldiariodesanpedro.com.ar\/sitio\/wp-content\/uploads\/2023\/01\/necrologicas.jpg","jetpack_shortlink":"https:\/\/wp.me\/p6RhLt-AT9","jetpack_sharing_enabled":true,"_links":{"self":[{"href":"https:\/\/eldiariodesanpedro.com.ar\/sitio\/wp-json\/wp\/v2\/posts\/141803","targetHints":{"allow":["GET"]}}],"collection":[{"href":"https:\/\/eldiariodesanpedro.com.ar\/sitio\/wp-json\/wp\/v2\/posts"}],"about":[{"href":"https:\/\/eldiariodesanpedro.com.ar\/sitio\/wp-json\/wp\/v2\/types\/post"}],"author":[{"embeddable":true,"href":"https:\/\/eldiariodesanpedro.com.ar\/sitio\/wp-json\/wp\/v2\/users\/4"}],"replies":[{"embeddable":true,"href":"https:\/\/eldiariodesanpedro.com.ar\/sitio\/wp-json\/wp\/v2\/comments?post=141803"}],"version-history":[{"count":1,"href":"https:\/\/eldiariodesanpedro.com.ar\/sitio\/wp-json\/wp\/v2\/posts\/141803\/revisions"}],"predecessor-version":[{"id":141804,"href":"https:\/\/eldiariodesanpedro.com.ar\/sitio\/wp-json\/wp\/v2\/posts\/141803\/revisions\/141804"}],"wp:featuredmedia":[{"embeddable":true,"href":"https:\/\/eldiariodesanpedro.com.ar\/sitio\/wp-json\/wp\/v2\/media\/113757"}],"wp:attachment":[{"href":"https:\/\/eldiariodesanpedro.com.ar\/sitio\/wp-json\/wp\/v2\/media?parent=141803"}],"wp:term":[{"taxonomy":"category","embeddable":true,"href":"https:\/\/eldiariodesanpedro.com.ar\/sitio\/wp-json\/wp\/v2\/categories?post=141803"},{"taxonomy":"post_tag","embeddable":true,"href":"https:\/\/eldiariodesanpedro.com.ar\/sitio\/wp-json\/wp\/v2\/tags?post=141803"}],"curies":[{"name":"wp","href":"https:\/\/api.w.org\/{rel}","templated":true}]}}