{"id":141801,"date":"2025-07-10T16:32:59","date_gmt":"2025-07-10T19:32:59","guid":{"rendered":"https:\/\/eldiariodesanpedro.com.ar\/sitio\/?p=141801"},"modified":"2025-07-10T16:33:03","modified_gmt":"2025-07-10T19:33:03","slug":"asamblea-general-ordinaria-de-la-comision-directiva-de-la-asociacion-civil-emprender-desde-el-barrio-por-la-familia-y-el-trabajo","status":"publish","type":"post","link":"https:\/\/eldiariodesanpedro.com.ar\/sitio\/asamblea-general-ordinaria-de-la-comision-directiva-de-la-asociacion-civil-emprender-desde-el-barrio-por-la-familia-y-el-trabajo\/","title":{"rendered":"Asamblea General Ordinaria de la Comisi\u00f3n Directiva de la Asociaci\u00f3n Civil Emprender desde el Barrio por la Familia y el Trabajo"},"content":{"rendered":"<!-- VideographyWP Plugin Message: Automatic video embedding prevented by plugin options. -->\n\n<p class=\"has-text-align-right\">San Pedro, 01 de Julio de 025<\/p>\n\n\n\n<p class=\"has-text-align-center\"><strong>CONVOCATORIA A ASAMBLEA<\/strong> <strong>GENERAL<\/strong> <strong>ORDINARIA<\/strong><br><strong>Comisi\u00f3n Directiva de la Asociaci\u00f3n Civil Emprender desde el Barrio por la Familia y el Trabajo<\/strong><\/p>\n\n\n\n<p>Los integrantes de la Comisi\u00f3n Directiva de la Asociaci\u00f3n Civil Emprender desde el Barrio por la Familia y el Trabajo convocan para e l d\u00eda 27 de Julio de 2025 a las 17:00 horas, en primera convocatoria, en RIOBAMBA 160, San Pedro, Buenos Aires a considerar el siguiente<\/p>\n\n\n\n<p class=\"has-text-align-center\"><strong>Orden del d\u00eda:<\/strong><\/p>\n\n\n\n<p>1\u00b0) Designaci\u00f3n de 2 asamble\u00edstas para firmar conjuntamente con el presidente y secretario el acta de Asamblea Ordinaria.<br>2\u00b0) Consideraci\u00f3n de la Memoria, Balance General, por los Ejercicios Econ\u00f3micos N\u00b0 18 (del 01\/04\/2024 al 31\/03\/2025)<br>3\u00b0) Elecci\u00f3n parcial de autoridades para e l pr\u00f3ximo periodo.<br>Podr\u00e1n acceder a la documentaci\u00f3n pre-asamblearia todos los socios que se encuentren al d\u00eda en la sede social.<\/p>\n\n\n\n<p>Segunda Convocatoria<br>Transcurrida media hora de la fijada para el inicio de la Asamblea y no habiendo reunido el qu\u00f3rum exigido, la Asamblea sesionar\u00e1 cualquiera fuere el n\u00famero de socios presentes.<\/p>\n\n\n\n<p>Yohana Valeria Rojas \u2013 Secretaria<br>Ra\u00fal Enrique D\u00edaz \u2013 Presidente<\/p>\n","protected":false},"excerpt":{"rendered":"<p>San Pedro, 01 de Julio de 025 CONVOCATORIA A ASAMBLEA GENERAL ORDINARIAComisi\u00f3n Directiva de la Asociaci\u00f3n Civil Emprender desde el Barrio por la Familia y el Trabajo Los integrantes de la Comisi\u00f3n Directiva de la Asociaci\u00f3n Civil Emprender desde el Barrio por la Familia y el Trabajo convocan para e l d\u00eda 27 de Julio [&hellip;]<\/p>\n","protected":false},"author":4,"featured_media":107937,"comment_status":"closed","ping_status":"closed","sticky":false,"template":"","format":"standard","meta":{"om_disable_all_campaigns":false,"_jetpack_memberships_contains_paid_content":false,"footnotes":""},"categories":[678,676],"tags":[],"class_list":["post-141801","post","type-post","status-publish","format-standard","has-post-thumbnail","hentry","category-convocatorias","category-edictos"],"aioseo_notices":[],"gutentor_comment":0,"jetpack_featured_media_url":"https:\/\/eldiariodesanpedro.com.ar\/sitio\/wp-content\/uploads\/2022\/06\/Emprender-junio-2022.jpg","jetpack_shortlink":"https:\/\/wp.me\/p6RhLt-AT7","jetpack_sharing_enabled":true,"_links":{"self":[{"href":"https:\/\/eldiariodesanpedro.com.ar\/sitio\/wp-json\/wp\/v2\/posts\/141801","targetHints":{"allow":["GET"]}}],"collection":[{"href":"https:\/\/eldiariodesanpedro.com.ar\/sitio\/wp-json\/wp\/v2\/posts"}],"about":[{"href":"https:\/\/eldiariodesanpedro.com.ar\/sitio\/wp-json\/wp\/v2\/types\/post"}],"author":[{"embeddable":true,"href":"https:\/\/eldiariodesanpedro.com.ar\/sitio\/wp-json\/wp\/v2\/users\/4"}],"replies":[{"embeddable":true,"href":"https:\/\/eldiariodesanpedro.com.ar\/sitio\/wp-json\/wp\/v2\/comments?post=141801"}],"version-history":[{"count":1,"href":"https:\/\/eldiariodesanpedro.com.ar\/sitio\/wp-json\/wp\/v2\/posts\/141801\/revisions"}],"predecessor-version":[{"id":141802,"href":"https:\/\/eldiariodesanpedro.com.ar\/sitio\/wp-json\/wp\/v2\/posts\/141801\/revisions\/141802"}],"wp:featuredmedia":[{"embeddable":true,"href":"https:\/\/eldiariodesanpedro.com.ar\/sitio\/wp-json\/wp\/v2\/media\/107937"}],"wp:attachment":[{"href":"https:\/\/eldiariodesanpedro.com.ar\/sitio\/wp-json\/wp\/v2\/media?parent=141801"}],"wp:term":[{"taxonomy":"category","embeddable":true,"href":"https:\/\/eldiariodesanpedro.com.ar\/sitio\/wp-json\/wp\/v2\/categories?post=141801"},{"taxonomy":"post_tag","embeddable":true,"href":"https:\/\/eldiariodesanpedro.com.ar\/sitio\/wp-json\/wp\/v2\/tags?post=141801"}],"curies":[{"name":"wp","href":"https:\/\/api.w.org\/{rel}","templated":true}]}}