{"id":14179,"date":"2017-02-06T20:17:53","date_gmt":"2017-02-06T23:17:53","guid":{"rendered":"https:\/\/eldiariodesanpedro.com.ar\/sitio\/?p=14179"},"modified":"2017-02-06T20:17:53","modified_gmt":"2017-02-06T23:17:53","slug":"pergamino-detuvieron-a-dos-delincuentes-que-protagonizaron-un-raid-delictivo","status":"publish","type":"post","link":"https:\/\/eldiariodesanpedro.com.ar\/sitio\/pergamino-detuvieron-a-dos-delincuentes-que-protagonizaron-un-raid-delictivo\/","title":{"rendered":"PERGAMINO: Detuvieron a dos delincuentes que protagonizaron un raid delictivo"},"content":{"rendered":"<p><!-- VideographyWP Plugin Message: Automatic video embedding prevented by plugin options. --><br \/>\nDos delincuentes de 27 y 30 a\u00f1os fueron detenidos por la Polic\u00eda -en intensa persecuci\u00f3n-, tras protagonizar un ra\u00edd delictivo en la zona norte de nuestra ciudad, el jueves a la ma\u00f1ana.<\/p>\n<p>Los efectivos del Comando de Patrulla y una brigada de operaciones de la Polic\u00eda de Investigaciones (DDI) dieron con los sospechosos luego que abandonaron el auto en el que se movilizaban por un desperfecto, sustrajeran una moto e intentaron ocultar lo robado en una vivienda del barrio Jos\u00e9 Hern\u00e1ndez.<\/p>\n<p>El sistema de alerta radial de la Polic\u00eda puso en conocimiento de todas las fuerzas locales sobre la hu\u00edda de dos sospechosos a bordo de un Peugeot 308 de color negro, con patente terminada en 572.<\/p>\n<p>Es que los datos de las v\u00edctimas de los asaltos coincidieron en la descripci\u00f3n de dos sujetos a bordo de ese veh\u00edculo, que utilizaron para abordar a repartidores en inmediaciones de avenida Paraguay y Laprida y otro en Chacabuco y Azul.<\/p>\n<p>Alertados sobre esta situaci\u00f3n un m\u00f3vil del Comando vio pasar al autom\u00f3vil sospechado e inici\u00f3 una persecuci\u00f3n al tiempo que avis\u00f3 por radio a los distintoss patrulleros para recibir apoyo.<\/p>\n<p>Desde el m\u00f3vil anunciaron que se dirig\u00edan hacia el complejo habitacional 512 Viviendas. En esa zona sufrieron un desperfecto al colisionar una cubierta con una columna, seg\u00fan trascendi\u00f3 de fuentes policiales.<\/p>\n<p>Los dos malvivientes abandonaron el veh\u00edculo y se dispersaron en la zona, mientras desde todas las calles arribaban patrulleros de distintas dependencias policiales, especialmente del Comando y la DDI.<\/p>\n<p>Uno de los malhechores abord\u00f3 una motocicleta tipo 110 de color negra, pero al verse rodeado se descart\u00f3 del bolso y de este rodado en una casa de Joaqu\u00edn V. Gonz\u00e1lez al 1.400.<\/p>\n<p>Los uniformados del Comando lo vieron y a pocos metros lo aprehendieron. En esa finca hab\u00eda ocultado, sin el consentimiento de sus moradores, una mochila en la que conten\u00eda las pertenencias sustra\u00eddas en los atracos.<\/p>\n<p>En tanto, a la vuelta de ese domicilio lograron identificar al otro c\u00f3mplice, quien intent\u00f3 confundirse como un vecino de la zona para evitar que lo capturara la Polic\u00eda. Los detectives de la DDI advirtieron esta maniobra y lo arrestaron.<\/p>\n","protected":false},"excerpt":{"rendered":"<p>Dos delincuentes de 27 y 30 a\u00f1os fueron detenidos por la Polic\u00eda -en intensa persecuci\u00f3n-, tras protagonizar un ra\u00edd delictivo en la zona norte de nuestra ciudad, el jueves a la ma\u00f1ana. Los efectivos del Comando de Patrulla y una brigada de operaciones de la Polic\u00eda de Investigaciones (DDI) dieron con los sospechosos luego que [&hellip;]<\/p>\n","protected":false},"author":4,"featured_media":5796,"comment_status":"open","ping_status":"closed","sticky":false,"template":"","format":"standard","meta":{"om_disable_all_campaigns":false,"_jetpack_memberships_contains_paid_content":false,"footnotes":""},"categories":[621],"tags":[],"class_list":["post-14179","post","type-post","status-publish","format-standard","has-post-thumbnail","hentry","category-regionales"],"aioseo_notices":[],"gutentor_comment":0,"jetpack_featured_media_url":"https:\/\/eldiariodesanpedro.com.ar\/sitio\/wp-content\/uploads\/2016\/07\/0007654707-1.jpg","jetpack_shortlink":"https:\/\/wp.me\/p6RhLt-3GH","jetpack_sharing_enabled":true,"_links":{"self":[{"href":"https:\/\/eldiariodesanpedro.com.ar\/sitio\/wp-json\/wp\/v2\/posts\/14179","targetHints":{"allow":["GET"]}}],"collection":[{"href":"https:\/\/eldiariodesanpedro.com.ar\/sitio\/wp-json\/wp\/v2\/posts"}],"about":[{"href":"https:\/\/eldiariodesanpedro.com.ar\/sitio\/wp-json\/wp\/v2\/types\/post"}],"author":[{"embeddable":true,"href":"https:\/\/eldiariodesanpedro.com.ar\/sitio\/wp-json\/wp\/v2\/users\/4"}],"replies":[{"embeddable":true,"href":"https:\/\/eldiariodesanpedro.com.ar\/sitio\/wp-json\/wp\/v2\/comments?post=14179"}],"version-history":[{"count":1,"href":"https:\/\/eldiariodesanpedro.com.ar\/sitio\/wp-json\/wp\/v2\/posts\/14179\/revisions"}],"predecessor-version":[{"id":14180,"href":"https:\/\/eldiariodesanpedro.com.ar\/sitio\/wp-json\/wp\/v2\/posts\/14179\/revisions\/14180"}],"wp:featuredmedia":[{"embeddable":true,"href":"https:\/\/eldiariodesanpedro.com.ar\/sitio\/wp-json\/wp\/v2\/media\/5796"}],"wp:attachment":[{"href":"https:\/\/eldiariodesanpedro.com.ar\/sitio\/wp-json\/wp\/v2\/media?parent=14179"}],"wp:term":[{"taxonomy":"category","embeddable":true,"href":"https:\/\/eldiariodesanpedro.com.ar\/sitio\/wp-json\/wp\/v2\/categories?post=14179"},{"taxonomy":"post_tag","embeddable":true,"href":"https:\/\/eldiariodesanpedro.com.ar\/sitio\/wp-json\/wp\/v2\/tags?post=14179"}],"curies":[{"name":"wp","href":"https:\/\/api.w.org\/{rel}","templated":true}]}}