{"id":14175,"date":"2017-02-06T20:15:39","date_gmt":"2017-02-06T23:15:39","guid":{"rendered":"https:\/\/eldiariodesanpedro.com.ar\/sitio\/?p=14175"},"modified":"2017-02-06T20:15:39","modified_gmt":"2017-02-06T23:15:39","slug":"robaron-la-parroquia-madre-teresa-de-calcuta-de-zarate","status":"publish","type":"post","link":"https:\/\/eldiariodesanpedro.com.ar\/sitio\/robaron-la-parroquia-madre-teresa-de-calcuta-de-zarate\/","title":{"rendered":"Robaron la parroquia Madre Teresa de Calcuta de Z\u00e1rate"},"content":{"rendered":"<p><!-- VideographyWP Plugin Message: Automatic video embedding prevented by plugin options. --><br \/>\nDelincuentes ingresaron a la parroquia Madre Teresa de Calcuta y se robaron elementos de su interior. La denuncia fue realizada pero no hay detenidos.<\/p>\n<p>En di\u00e1logo con Impacto Local, el Padre Alberto Evangelista, cura P\u00e1rroco de la Parroquia Madre Teresa de Calcuta de Z\u00e1rate coment\u00f3 que \u201ccreemos que durante la madrugada o esta ma\u00f1ana cuando no hab\u00eda nadie, los delincuentes ingresaron forzando una ventana lateral del templo\u201d. Una vez en su interior \u201cdieron vuelta todo y se robaron equipo de audio, guitarra, microfonos inalambricos, una Sierra circular, objetos religiosos de la santeria parroquial y dinero. No conforme con ello defecaron en la casa parroquial\u201d.<\/p>\n<p>Vale mencionar que no es la primera vez que esta iglesia, ubicada en Sargento Cabral al 1960, sufre un hecho delictivo. La denuncia ya fue radicada y Polic\u00eda Cient\u00edfica intervino realizando las correspondientes pericias, mientras que los delincuentes contin\u00faan pr\u00f3fugos. (http:\/\/impactolocal.com.ar)<\/p>\n","protected":false},"excerpt":{"rendered":"<p>Delincuentes ingresaron a la parroquia Madre Teresa de Calcuta y se robaron elementos de su interior. La denuncia fue realizada pero no hay detenidos. En di\u00e1logo con Impacto Local, el Padre Alberto Evangelista, cura P\u00e1rroco de la Parroquia Madre Teresa de Calcuta de Z\u00e1rate coment\u00f3 que \u201ccreemos que durante la madrugada o esta ma\u00f1ana cuando [&hellip;]<\/p>\n","protected":false},"author":4,"featured_media":14176,"comment_status":"open","ping_status":"closed","sticky":false,"template":"","format":"standard","meta":{"om_disable_all_campaigns":false,"_jetpack_memberships_contains_paid_content":false,"footnotes":""},"categories":[621],"tags":[],"class_list":["post-14175","post","type-post","status-publish","format-standard","has-post-thumbnail","hentry","category-regionales"],"aioseo_notices":[],"gutentor_comment":0,"jetpack_featured_media_url":"https:\/\/eldiariodesanpedro.com.ar\/sitio\/wp-content\/uploads\/2017\/02\/iglesia-teresa-calcuta.jpg","jetpack_shortlink":"https:\/\/wp.me\/p6RhLt-3GD","jetpack_sharing_enabled":true,"_links":{"self":[{"href":"https:\/\/eldiariodesanpedro.com.ar\/sitio\/wp-json\/wp\/v2\/posts\/14175","targetHints":{"allow":["GET"]}}],"collection":[{"href":"https:\/\/eldiariodesanpedro.com.ar\/sitio\/wp-json\/wp\/v2\/posts"}],"about":[{"href":"https:\/\/eldiariodesanpedro.com.ar\/sitio\/wp-json\/wp\/v2\/types\/post"}],"author":[{"embeddable":true,"href":"https:\/\/eldiariodesanpedro.com.ar\/sitio\/wp-json\/wp\/v2\/users\/4"}],"replies":[{"embeddable":true,"href":"https:\/\/eldiariodesanpedro.com.ar\/sitio\/wp-json\/wp\/v2\/comments?post=14175"}],"version-history":[{"count":1,"href":"https:\/\/eldiariodesanpedro.com.ar\/sitio\/wp-json\/wp\/v2\/posts\/14175\/revisions"}],"predecessor-version":[{"id":14177,"href":"https:\/\/eldiariodesanpedro.com.ar\/sitio\/wp-json\/wp\/v2\/posts\/14175\/revisions\/14177"}],"wp:featuredmedia":[{"embeddable":true,"href":"https:\/\/eldiariodesanpedro.com.ar\/sitio\/wp-json\/wp\/v2\/media\/14176"}],"wp:attachment":[{"href":"https:\/\/eldiariodesanpedro.com.ar\/sitio\/wp-json\/wp\/v2\/media?parent=14175"}],"wp:term":[{"taxonomy":"category","embeddable":true,"href":"https:\/\/eldiariodesanpedro.com.ar\/sitio\/wp-json\/wp\/v2\/categories?post=14175"},{"taxonomy":"post_tag","embeddable":true,"href":"https:\/\/eldiariodesanpedro.com.ar\/sitio\/wp-json\/wp\/v2\/tags?post=14175"}],"curies":[{"name":"wp","href":"https:\/\/api.w.org\/{rel}","templated":true}]}}