{"id":14169,"date":"2017-02-06T20:00:12","date_gmt":"2017-02-06T23:00:12","guid":{"rendered":"https:\/\/eldiariodesanpedro.com.ar\/sitio\/?p=14169"},"modified":"2017-02-06T20:00:12","modified_gmt":"2017-02-06T23:00:12","slug":"como-todo-folklorista-el-sueno-es-llegar-al-escenario-mayor","status":"publish","type":"post","link":"https:\/\/eldiariodesanpedro.com.ar\/sitio\/como-todo-folklorista-el-sueno-es-llegar-al-escenario-mayor\/","title":{"rendered":"Como todo folklorista el sue\u00f1o es llegar al escenario mayor"},"content":{"rendered":"<p><!-- VideographyWP Plugin Message: Automatic video embedding prevented by plugin options. --><br \/>\nEn una entrevista exclusiva para nuestro medio, El Diario de San Pedro, el artista reconocido en nuestra ciudad como cantante folklorista y guitarrero nos cont\u00f3 su experiencia en Cosqu\u00edn.<br \/>\n\u00abComo todo folklorista el sue\u00f1o es llegar a Cosqu\u00edn, especialmente al escenario mayor. Tuvimos la suerte de estar 10 d\u00edas compartiendo con gente de todo el mundo, desde Jujuy hasta Ushuaia y nosotros fuimos a lo que se llama \u2018Espect\u00e1culos Callejeros\u2019, donde hay que anotarse un tiempo antes, hubo 833 concursantes. Ten\u00e9s tres actuaciones en los 10 d\u00edas para tocar en lugares distintos como plaza de artesanos, camping, etc.\u00bb.<br \/>\nAnte nuestra pregunta de d\u00f3nde pudo desempe\u00f1ar su actuaci\u00f3n y c\u00f3mo lo acept\u00f3 la gente, nos coment\u00f3: \u201cTocamos en muchos lugares, estuvo bastante lindo, de los tres lugares que fuimos por el concurso, llegamos hacer una canci\u00f3n, te dan un puntaje y de esos 833 participantes quedaron s\u00f3lo 16, que son los que pasaron a la semifinal y el que gana, solo uno, pasa al escenario mayor\u00bb.<br \/>\nTambi\u00e9n nos cont\u00f3 c\u00f3mo lleg\u00f3 a la conferencia de prensa y qu\u00e9 le preguntaron: \u201cDe esos espect\u00e1culos callejeros tuvimos la suerte de que eligieron concursantes para una entrevista con distintos medios de comunicaci\u00f3n y nos toc\u00f3 la tarde donde estaba Soledad y Luciano Pereyra. Fue con m\u00e1s o menos 80 medios de comunicaci\u00f3n, donde cont\u00e9 que soy de San Pedro, que tengo 27 a\u00f1os, que desde los 9 a\u00f1os empec\u00e9 a tocar la guitarra, que amo el folklore, que lo empec\u00e9 a escuchar gracias a La Sole. Les cont\u00e9 tambi\u00e9n que hac\u00eda m\u00fasica instrumental, chacareras, zambas y m\u00fasica rom\u00e1ntica, que grab\u00e9 6 discos, el primero a los 15 a\u00f1os, el segundo a los 16, el tercero a los 19, el cuarto a los 21 y a los 26 los \u00faltimos dos discos. Me preguntaron cu\u00e1les eran mis metas, y es llegar a pisar escenarios grandes como Cosqu\u00edn, Jes\u00fas Mar\u00eda y Diamante\u00bb.<\/p>\n<p>C\u00f3mo disfrutaron los d\u00edas en la ciudad de C\u00f3rdoba y con qui\u00e9n lleg\u00f3 a Cosqu\u00edn, qui\u00e9nes lo acompa\u00f1aron: \u00abLa pasamos de maravilla porque nos quedamos en un camping muy conocido para los chicos que van siempre y era todo el d\u00eda guitarreada, canto, se hac\u00eda la fiesta de la chacha, donde se tiraban harina. Terminamos de comer y ya se escuchaban los primeros cantores, hubo d\u00edas que hasta transmitimos en vivo, d\u00edas que hab\u00eda 40 cantores y 20 personas bailando chacarera. Fuimos con mi familia. As\u00ed se forma mi grupo: mi pap\u00e1 en la guitarra base, mi primo Pablo en bajo y mi hermana Yanina en los octapad\u201d.<br \/>\nAdem\u00e1s de los espect\u00e1culos callejeros nos cont\u00f3 que tocaron en pe\u00f1as, como la de Facundo Toro, donde asistieron en dos oportunidades con m\u00e1s de 2000 personas en el lugar.<br \/>\nClaudio Mart\u00edn, que desde chico empez\u00f3 este sue\u00f1o con su familia, de la mano siempre de su pap\u00e1,  jam\u00e1s baj\u00f3 los brazos, sigue con sus shows los fines de semana y siempre a donde va, enciudades como Buenos Aires, Z\u00e1rate o Campana, representa a San Pedro con todo su orgullo, m\u00e1s reconocido por deleitarnos con su guitarra la canci\u00f3n del P\u00e1jaro Campana.<br \/>\nPara finalizar, Claudio adelant\u00f3 con felicidad que el a\u00f1o que viene va a volver para poder cumplir su sue\u00f1o de llegar a pisar el escenario mayor de Cosqu\u00edn.<\/p>\n","protected":false},"excerpt":{"rendered":"<p>En una entrevista exclusiva para nuestro medio, El Diario de San Pedro, el artista reconocido en nuestra ciudad como cantante folklorista y guitarrero nos cont\u00f3 su experiencia en Cosqu\u00edn. \u00abComo todo folklorista el sue\u00f1o es llegar a Cosqu\u00edn, especialmente al escenario mayor. Tuvimos la suerte de estar 10 d\u00edas compartiendo con gente de todo el [&hellip;]<\/p>\n","protected":false},"author":4,"featured_media":14170,"comment_status":"open","ping_status":"closed","sticky":false,"template":"","format":"standard","meta":{"om_disable_all_campaigns":false,"_jetpack_memberships_contains_paid_content":false,"footnotes":""},"categories":[50,101,2],"tags":[],"class_list":["post-14169","post","type-post","status-publish","format-standard","has-post-thumbnail","hentry","category-destacadas","category-interes-general-locales","category-locales"],"aioseo_notices":[],"gutentor_comment":0,"jetpack_featured_media_url":"https:\/\/eldiariodesanpedro.com.ar\/sitio\/wp-content\/uploads\/2017\/02\/claudio-martin.png","jetpack_shortlink":"https:\/\/wp.me\/p6RhLt-3Gx","jetpack_sharing_enabled":true,"_links":{"self":[{"href":"https:\/\/eldiariodesanpedro.com.ar\/sitio\/wp-json\/wp\/v2\/posts\/14169","targetHints":{"allow":["GET"]}}],"collection":[{"href":"https:\/\/eldiariodesanpedro.com.ar\/sitio\/wp-json\/wp\/v2\/posts"}],"about":[{"href":"https:\/\/eldiariodesanpedro.com.ar\/sitio\/wp-json\/wp\/v2\/types\/post"}],"author":[{"embeddable":true,"href":"https:\/\/eldiariodesanpedro.com.ar\/sitio\/wp-json\/wp\/v2\/users\/4"}],"replies":[{"embeddable":true,"href":"https:\/\/eldiariodesanpedro.com.ar\/sitio\/wp-json\/wp\/v2\/comments?post=14169"}],"version-history":[{"count":1,"href":"https:\/\/eldiariodesanpedro.com.ar\/sitio\/wp-json\/wp\/v2\/posts\/14169\/revisions"}],"predecessor-version":[{"id":14171,"href":"https:\/\/eldiariodesanpedro.com.ar\/sitio\/wp-json\/wp\/v2\/posts\/14169\/revisions\/14171"}],"wp:featuredmedia":[{"embeddable":true,"href":"https:\/\/eldiariodesanpedro.com.ar\/sitio\/wp-json\/wp\/v2\/media\/14170"}],"wp:attachment":[{"href":"https:\/\/eldiariodesanpedro.com.ar\/sitio\/wp-json\/wp\/v2\/media?parent=14169"}],"wp:term":[{"taxonomy":"category","embeddable":true,"href":"https:\/\/eldiariodesanpedro.com.ar\/sitio\/wp-json\/wp\/v2\/categories?post=14169"},{"taxonomy":"post_tag","embeddable":true,"href":"https:\/\/eldiariodesanpedro.com.ar\/sitio\/wp-json\/wp\/v2\/tags?post=14169"}],"curies":[{"name":"wp","href":"https:\/\/api.w.org\/{rel}","templated":true}]}}