{"id":141667,"date":"2025-07-08T09:28:25","date_gmt":"2025-07-08T12:28:25","guid":{"rendered":"https:\/\/eldiariodesanpedro.com.ar\/sitio\/?p=141667"},"modified":"2025-07-08T09:28:29","modified_gmt":"2025-07-08T12:28:29","slug":"asamblea-ordinaria-de-independencia-futbol-club","status":"publish","type":"post","link":"https:\/\/eldiariodesanpedro.com.ar\/sitio\/asamblea-ordinaria-de-independencia-futbol-club\/","title":{"rendered":"Asamblea Ordinaria de Independencia Futbol Club"},"content":{"rendered":"<!-- VideographyWP Plugin Message: Automatic video embedding prevented by plugin options. -->\n\n<p class=\"has-text-align-center\"><strong><u>CONVOCATORIA A ASAMBLEA ORDINARIA<\/u><\/strong><\/p>\n\n\n\n<p class=\"has-text-align-right\">San Pedro, 04 de Julio del 2025.-<\/p>\n\n\n\n<p>La Comisi\u00f3n Directiva de la entidad Independencia Futbol Club con domicilio en calle Ayacucho y Combate de Obligado de la Localidad de San Pedro, Partido de San Pedro, convoca a los Se\u00f1ores Socios a la Asamblea Anual Ordinaria del ejercicio finalizado el a\u00f1o 2024, a celebrarse en la sede social el d\u00eda 08 del mes de Agosto del a\u00f1o 2025, a las 19.00 hs. en primera convocatoria y 20.00 hs. en segunda convocatoria, para considerar el siguiente \u201cOrden del D\u00eda\u201d:<\/p>\n\n\n\n<p class=\"has-text-align-center\"><strong><u>Orden del D\u00eda<\/u><\/strong><\/p>\n\n\n\n<ol class=\"wp-block-list\">\n<li>Motivos por los cuales la asamblea se celebra fuera de termino estatutario. &#8211;<\/li>\n\n\n\n<li>Elecci\u00f3n de dos socios para firmar el acta, juntamente con el Se\u00f1or presidente y el Se\u00f1or Secretario. &#8211;<\/li>\n\n\n\n<li>Consideraci\u00f3n de Memoria y Balance de los ejercicios fiscales correspondientes a los a\u00f1os 2020, 2021, 2022, 2023 y 2024.-<\/li>\n\n\n\n<li>Elecci\u00f3n de la Junta Escrutadora.-<\/li>\n\n\n\n<li>Elecci\u00f3n de la Comisi\u00f3n Directiva conforme a lo establecido en el art\u00edculo 22 del Estatuto Social. Por finalizaci\u00f3n de mandato: Por el termino de 2 (dos) a\u00f1os: Presidente, Secretario, Tesorero, 1\u00b0, 3\u00b0 y 5\u00b0 Vocales Titulares y 2\u00b0 y 4 \u00b0 Vocales Suplentes.-<\/li>\n\n\n\n<li>Elecci\u00f3n de la Comisi\u00f3n Directiva en cumplimiento de la Observaci\u00f3n, de fecha 18 de marzo de 2025, obrante en el Expediente SOLICITA NORMALIZACION; LEY 15.192 &#8211; CONDONACION Y NORMALIZACION CIVILES EXP-47045\/20\u201310 en tr\u00e1mite ante la Direcci\u00f3n Provincial de Personas Jur\u00eddicas: a) Por el termino de 2 (dos) a\u00f1os: Vicepresidente, Prosecretario, Protesorero, 2\u00b0 y 4\u00b0 Vocales Titulares y 1\u00b0, 3\u00b0 y 5\u00b0 Vocales Suplentes.-<\/li>\n\n\n\n<li>Elecci\u00f3n de la totalidad Comisi\u00f3n Revisora de Cuentas conforme a lo establecido en el art\u00edculo 22\u00b0 del Estatuto Social, por finalizaci\u00f3n del mandato, por el plazo de 1 (un) a\u00f1o. &#8211;<\/li>\n\n\n\n<li>Proclamaci\u00f3n de la lista ganadora.-<\/li>\n<\/ol>\n\n\n\n<p>Ramiro Julian Vellon &#8211; Secretario<br>Guido Novak &#8211; Presidente<\/p>\n\n\n\n<p>Las Asamblea se celebrar\u00e1 v\u00e1lidamente con la presencia de la mitad m\u00e1s uno de los Socios, una hora despu\u00e9s, si antes no se hubiera obtenido ese n\u00famero, se reunir\u00e1 v\u00e1lidamente con los Socios presentes, salvo en los casos previstos en el Estatuto que exige proporci\u00f3n mayor.-<\/p>\n\n\n\n<p>Las listas de candidatos deber\u00e1n ser presentadas ante la Comisi\u00f3n Directiva hasta las 24 horas del d\u00eda 6 de Agosto de 2025, en la Secretar\u00eda de la Sede Social o en su defecto en la Porter\u00eda Principal.<\/p>\n","protected":false},"excerpt":{"rendered":"<p>CONVOCATORIA A ASAMBLEA ORDINARIA San Pedro, 04 de Julio del 2025.- La Comisi\u00f3n Directiva de la entidad Independencia Futbol Club con domicilio en calle Ayacucho y Combate de Obligado de la Localidad de San Pedro, Partido de San Pedro, convoca a los Se\u00f1ores Socios a la Asamblea Anual Ordinaria del ejercicio finalizado el a\u00f1o 2024, [&hellip;]<\/p>\n","protected":false},"author":4,"featured_media":141668,"comment_status":"closed","ping_status":"closed","sticky":false,"template":"","format":"standard","meta":{"om_disable_all_campaigns":false,"_jetpack_memberships_contains_paid_content":false,"footnotes":""},"categories":[678,676],"tags":[],"class_list":["post-141667","post","type-post","status-publish","format-standard","has-post-thumbnail","hentry","category-convocatorias","category-edictos"],"aioseo_notices":[],"gutentor_comment":0,"jetpack_featured_media_url":"https:\/\/eldiariodesanpedro.com.ar\/sitio\/wp-content\/uploads\/2025\/07\/Independencia-Futbol-Club.jpg","jetpack_shortlink":"https:\/\/wp.me\/p6RhLt-AQX","jetpack_sharing_enabled":true,"_links":{"self":[{"href":"https:\/\/eldiariodesanpedro.com.ar\/sitio\/wp-json\/wp\/v2\/posts\/141667","targetHints":{"allow":["GET"]}}],"collection":[{"href":"https:\/\/eldiariodesanpedro.com.ar\/sitio\/wp-json\/wp\/v2\/posts"}],"about":[{"href":"https:\/\/eldiariodesanpedro.com.ar\/sitio\/wp-json\/wp\/v2\/types\/post"}],"author":[{"embeddable":true,"href":"https:\/\/eldiariodesanpedro.com.ar\/sitio\/wp-json\/wp\/v2\/users\/4"}],"replies":[{"embeddable":true,"href":"https:\/\/eldiariodesanpedro.com.ar\/sitio\/wp-json\/wp\/v2\/comments?post=141667"}],"version-history":[{"count":1,"href":"https:\/\/eldiariodesanpedro.com.ar\/sitio\/wp-json\/wp\/v2\/posts\/141667\/revisions"}],"predecessor-version":[{"id":141669,"href":"https:\/\/eldiariodesanpedro.com.ar\/sitio\/wp-json\/wp\/v2\/posts\/141667\/revisions\/141669"}],"wp:featuredmedia":[{"embeddable":true,"href":"https:\/\/eldiariodesanpedro.com.ar\/sitio\/wp-json\/wp\/v2\/media\/141668"}],"wp:attachment":[{"href":"https:\/\/eldiariodesanpedro.com.ar\/sitio\/wp-json\/wp\/v2\/media?parent=141667"}],"wp:term":[{"taxonomy":"category","embeddable":true,"href":"https:\/\/eldiariodesanpedro.com.ar\/sitio\/wp-json\/wp\/v2\/categories?post=141667"},{"taxonomy":"post_tag","embeddable":true,"href":"https:\/\/eldiariodesanpedro.com.ar\/sitio\/wp-json\/wp\/v2\/tags?post=141667"}],"curies":[{"name":"wp","href":"https:\/\/api.w.org\/{rel}","templated":true}]}}