{"id":14164,"date":"2017-02-06T19:36:15","date_gmt":"2017-02-06T22:36:15","guid":{"rendered":"https:\/\/eldiariodesanpedro.com.ar\/sitio\/?p=14164"},"modified":"2017-02-06T23:14:52","modified_gmt":"2017-02-07T02:14:52","slug":"a-un-ano-de-la-muerte-de-ariel-gomila-su-familia-lo-recuerda-con-un-pedido-de-justicia","status":"publish","type":"post","link":"https:\/\/eldiariodesanpedro.com.ar\/sitio\/a-un-ano-de-la-muerte-de-ariel-gomila-su-familia-lo-recuerda-con-un-pedido-de-justicia\/","title":{"rendered":"A un a\u00f1o de la muerte de Ariel Gomila su familia lo recuerda con un pedido de justicia"},"content":{"rendered":"<p><!-- VideographyWP Plugin Message: Automatic video embedding prevented by plugin options. --><br \/>\nA un a\u00f1o del asesinato de Ariel Gomila los familiares y amigos del mismo reclaman el esclarecimiento del hecho que todav\u00eda sigue pendiente y que ocurri\u00f3 el d\u00eda 06 de Febrero pasado donde ademas se encuentra pr\u00f3fugo el \u00fanico imputado Ulises Fern\u00e1ndez.<br \/>\nLa carta enviada a los medios dice lo siguiente: <\/p>\n<p>LA P\u00c9RDIDA INFINITA<\/p>\n<p>Si algo nos atraves\u00f3 a quienes amamos a Ariel, es el dolor de la p\u00e9rdida infinita. Y no es lo mismo que el dolor de la p\u00e9rdida por s\u00ed mismo. Es m\u00e1s profundo y misterioso. Se te pega en el alma y no te abandona nunca.               <\/p>\n<p>Es p\u00e9rdida sin fin porque todos los d\u00edas volvemos a sentirlo como si fuera el primer d\u00eda. Como si el duelo no llegara nunca, ni existiera esperanza de que llegue. <\/p>\n<p>Como si el arma que dispar\u00f3 se disparara a cada minuto y la bala que le atraves\u00f3 el abdomen lo volviera a matar a cada instante. Y en esa permanente muerte nos encontramos, recibiendo la terrible noticia en medio de la somnolencia de la madrugada, sintiendo en nuestro propio cuerpo el impacto de la p\u00e9rdida irreparable, como una flecha que te perfora sin avisarte. <\/p>\n<p>Eso provoca la impunidad. Cuando te lo cuentan pod\u00e9s comprender apenas, solidarizarte con el dolor del otro, pero no es posible sentir la p\u00e9rdida infinita. Eso es algo incomprensible para ajenos. Te pueden entender \u00fanicamente los que atraviesan esa resbaladiza experiencia humana que es la de ser v\u00edctimas de cr\u00edmenes injustos. Dolorosamente injustos. <\/p>\n<p>Te pregunt\u00e1s por qu\u00e9. Alguien que te pueda explicar por qu\u00e9 como  cuando  sos chico y quer\u00e9s entender el mundo as\u00ed de repente, en pocas palabras. Por qu\u00e9 Dios permite estas cosas, por qu\u00e9 no pudimos hacer algo antes para evitarlo, por qu\u00e9 no nos dimos cuenta que esto no le pasa siempre a otros, por qu\u00e9 otros sobreviven, por qu\u00e9 alguien puede ser asesino de alguien, por qu\u00e9 hay tantos que lloran y otros tantos que siguen riendo, por qu\u00e9 es posible que jam\u00e1s tengas respuestas a ninguna pregunta. <\/p>\n<p>En una familia que vive la p\u00e9rdida infinita, ninguno vuelve a ser el mismo. Como si el proyectil nos hubiera impactado a todos y creara un hueco que siempre est\u00e1 vac\u00edo, sin sangre ni cicatriz. Vac\u00edo. \t\t\t<\/p>\n<p>Podemos volver a llorar, volver a re\u00edr, volver a suspirar. A trabajar tantas horas por d\u00eda, a compartir la mesa de los domingos, a caminar al atardecer, a hacer colas en el banco, a llevar a los chicos a la escuela, a cocinar, leer, mirar las estrellas. Pero no somos los mismos. Nos atraviesa un vac\u00edo inexplicable, irreductible, imperiosamente doloroso. <\/p>\n<p>Estamos en permanente consciencia que debemos hacer, decir, recordar, provocar, alertar. Somos pasajeros de un tiempo de dolor que no es solo nuestro. Es de muchos m\u00e1s porque genera esa pandemia de que \u201cnos puede pasar a todos\u201d y eso nos convierte en los testigos del dolor de la p\u00e9rdida infinita. Contarlo no alcanza, compartirlo no alcanza, marchar no alcanza, abrazar no alcanza. <\/p>\n<p>En todo caso necesitamos gritar. Elevar la voz para que rodee a todos y a cada uno, cont\u00e1ndoles que de una p\u00e9rdida as\u00ed no se vuelve a ser el mismo. Que el dolor puede ser tan agudo que te haga dejar de llorar pero nunca de sentir. Que eso no te redime de nada pero que seguramente nos vuelve un poco m\u00e1s humanos, cada d\u00eda. <\/p>\n<p>Porque entendemos que los que amamos a Ariel sabemos que ahora somos su voz, su cuerpo y su alma. Que somos los \u00fanicos que podemos gritar por \u00e9l, reclamar por \u00e9l, trascender con \u00e9l. Entonces decidimos que eso es lo que vamos a hacer sin descanso: gritar por \u00e9l, todos los d\u00edas, un poco m\u00e1s fuerte, para que se escuche como un eco infinito: JUSTICIA.<\/p>\n<p>NUNCA OLVIDAREMOS. NUNCA DEJAREMOS DE AMARLO.<br \/>\nNUNCA DEJAREMOS DE PEDIR JUSTICIA.<\/p>\n","protected":false},"excerpt":{"rendered":"<p>A un a\u00f1o del asesinato de Ariel Gomila los familiares y amigos del mismo reclaman el esclarecimiento del hecho que todav\u00eda sigue pendiente y que ocurri\u00f3 el d\u00eda 06 de Febrero pasado donde ademas se encuentra pr\u00f3fugo el \u00fanico imputado Ulises Fern\u00e1ndez. La carta enviada a los medios dice lo siguiente: LA P\u00c9RDIDA INFINITA Si [&hellip;]<\/p>\n","protected":false},"author":4,"featured_media":14165,"comment_status":"open","ping_status":"closed","sticky":false,"template":"","format":"standard","meta":{"om_disable_all_campaigns":false,"_jetpack_memberships_contains_paid_content":false,"footnotes":""},"categories":[50,101,2],"tags":[],"class_list":["post-14164","post","type-post","status-publish","format-standard","has-post-thumbnail","hentry","category-destacadas","category-interes-general-locales","category-locales"],"aioseo_notices":[],"gutentor_comment":0,"jetpack_featured_media_url":"https:\/\/eldiariodesanpedro.com.ar\/sitio\/wp-content\/uploads\/2017\/02\/gomila.png","jetpack_shortlink":"https:\/\/wp.me\/p6RhLt-3Gs","jetpack_sharing_enabled":true,"_links":{"self":[{"href":"https:\/\/eldiariodesanpedro.com.ar\/sitio\/wp-json\/wp\/v2\/posts\/14164","targetHints":{"allow":["GET"]}}],"collection":[{"href":"https:\/\/eldiariodesanpedro.com.ar\/sitio\/wp-json\/wp\/v2\/posts"}],"about":[{"href":"https:\/\/eldiariodesanpedro.com.ar\/sitio\/wp-json\/wp\/v2\/types\/post"}],"author":[{"embeddable":true,"href":"https:\/\/eldiariodesanpedro.com.ar\/sitio\/wp-json\/wp\/v2\/users\/4"}],"replies":[{"embeddable":true,"href":"https:\/\/eldiariodesanpedro.com.ar\/sitio\/wp-json\/wp\/v2\/comments?post=14164"}],"version-history":[{"count":4,"href":"https:\/\/eldiariodesanpedro.com.ar\/sitio\/wp-json\/wp\/v2\/posts\/14164\/revisions"}],"predecessor-version":[{"id":14206,"href":"https:\/\/eldiariodesanpedro.com.ar\/sitio\/wp-json\/wp\/v2\/posts\/14164\/revisions\/14206"}],"wp:featuredmedia":[{"embeddable":true,"href":"https:\/\/eldiariodesanpedro.com.ar\/sitio\/wp-json\/wp\/v2\/media\/14165"}],"wp:attachment":[{"href":"https:\/\/eldiariodesanpedro.com.ar\/sitio\/wp-json\/wp\/v2\/media?parent=14164"}],"wp:term":[{"taxonomy":"category","embeddable":true,"href":"https:\/\/eldiariodesanpedro.com.ar\/sitio\/wp-json\/wp\/v2\/categories?post=14164"},{"taxonomy":"post_tag","embeddable":true,"href":"https:\/\/eldiariodesanpedro.com.ar\/sitio\/wp-json\/wp\/v2\/tags?post=14164"}],"curies":[{"name":"wp","href":"https:\/\/api.w.org\/{rel}","templated":true}]}}