{"id":14158,"date":"2017-02-06T18:56:55","date_gmt":"2017-02-06T21:56:55","guid":{"rendered":"https:\/\/eldiariodesanpedro.com.ar\/sitio\/?p=14158"},"modified":"2017-02-06T18:56:55","modified_gmt":"2017-02-06T21:56:55","slug":"reunion-de-vecino-en-el-barrio-los-aromos-este-miercoles","status":"publish","type":"post","link":"https:\/\/eldiariodesanpedro.com.ar\/sitio\/reunion-de-vecino-en-el-barrio-los-aromos-este-miercoles\/","title":{"rendered":"Reuni\u00f3n de vecino en el barrio Los Aromos este miercoles"},"content":{"rendered":"<p><!-- VideographyWP Plugin Message: Automatic video embedding prevented by plugin options. --><br \/>\nEl Director de Comisiones de Fomento Fernando Negrete convoca a los vecinos de Los Aromos para el mi\u00e9rcoles 8 de febrero a las 20.00 a la plaza del barrio. Mantendr\u00e1n una reuni\u00f3n para analizar c\u00f3mo est\u00e1 funcionando la Comisi\u00f3n y qu\u00e9 se necesita para mejorar el barrio.<\/p>\n","protected":false},"excerpt":{"rendered":"<p>El Director de Comisiones de Fomento Fernando Negrete convoca a los vecinos de Los Aromos para el mi\u00e9rcoles 8 de febrero a las 20.00 a la plaza del barrio. Mantendr\u00e1n una reuni\u00f3n para analizar c\u00f3mo est\u00e1 funcionando la Comisi\u00f3n y qu\u00e9 se necesita para mejorar el barrio.<\/p>\n","protected":false},"author":4,"featured_media":14159,"comment_status":"open","ping_status":"closed","sticky":false,"template":"","format":"standard","meta":{"om_disable_all_campaigns":false,"_jetpack_memberships_contains_paid_content":false,"footnotes":""},"categories":[101,2],"tags":[],"class_list":["post-14158","post","type-post","status-publish","format-standard","has-post-thumbnail","hentry","category-interes-general-locales","category-locales"],"aioseo_notices":[],"gutentor_comment":0,"jetpack_featured_media_url":"https:\/\/eldiariodesanpedro.com.ar\/sitio\/wp-content\/uploads\/2017\/02\/Plaza-Los-Aromos-1.jpg","jetpack_shortlink":"https:\/\/wp.me\/p6RhLt-3Gm","jetpack_sharing_enabled":true,"_links":{"self":[{"href":"https:\/\/eldiariodesanpedro.com.ar\/sitio\/wp-json\/wp\/v2\/posts\/14158","targetHints":{"allow":["GET"]}}],"collection":[{"href":"https:\/\/eldiariodesanpedro.com.ar\/sitio\/wp-json\/wp\/v2\/posts"}],"about":[{"href":"https:\/\/eldiariodesanpedro.com.ar\/sitio\/wp-json\/wp\/v2\/types\/post"}],"author":[{"embeddable":true,"href":"https:\/\/eldiariodesanpedro.com.ar\/sitio\/wp-json\/wp\/v2\/users\/4"}],"replies":[{"embeddable":true,"href":"https:\/\/eldiariodesanpedro.com.ar\/sitio\/wp-json\/wp\/v2\/comments?post=14158"}],"version-history":[{"count":1,"href":"https:\/\/eldiariodesanpedro.com.ar\/sitio\/wp-json\/wp\/v2\/posts\/14158\/revisions"}],"predecessor-version":[{"id":14160,"href":"https:\/\/eldiariodesanpedro.com.ar\/sitio\/wp-json\/wp\/v2\/posts\/14158\/revisions\/14160"}],"wp:featuredmedia":[{"embeddable":true,"href":"https:\/\/eldiariodesanpedro.com.ar\/sitio\/wp-json\/wp\/v2\/media\/14159"}],"wp:attachment":[{"href":"https:\/\/eldiariodesanpedro.com.ar\/sitio\/wp-json\/wp\/v2\/media?parent=14158"}],"wp:term":[{"taxonomy":"category","embeddable":true,"href":"https:\/\/eldiariodesanpedro.com.ar\/sitio\/wp-json\/wp\/v2\/categories?post=14158"},{"taxonomy":"post_tag","embeddable":true,"href":"https:\/\/eldiariodesanpedro.com.ar\/sitio\/wp-json\/wp\/v2\/tags?post=14158"}],"curies":[{"name":"wp","href":"https:\/\/api.w.org\/{rel}","templated":true}]}}