{"id":14156,"date":"2017-02-06T14:40:46","date_gmt":"2017-02-06T17:40:46","guid":{"rendered":"https:\/\/eldiariodesanpedro.com.ar\/sitio\/?p=14156"},"modified":"2017-02-06T14:40:46","modified_gmt":"2017-02-06T17:40:46","slug":"hombre-de-origen-chino-quiso-escapar-al-darle-el-test-de-alcoholemia-pisitivo","status":"publish","type":"post","link":"https:\/\/eldiariodesanpedro.com.ar\/sitio\/hombre-de-origen-chino-quiso-escapar-al-darle-el-test-de-alcoholemia-pisitivo\/","title":{"rendered":"Hombre de origen chino quiso escapar al darle el test de alcoholemia pisitivo"},"content":{"rendered":"<p><!-- VideographyWP Plugin Message: Automatic video embedding prevented by plugin options. --><br \/>\nEn la ma\u00f1ana de ayer alrededor de las 6:45 hs, en operativo policial de intercepci\u00f3n vehicular e identificaci\u00f3n de personas en calles Ruiz Moreno y Pellegrini, dan con el paradero de un hombre mayor de origen chino quien circulaba en un autom\u00f3vil con falta de documentaci\u00f3n y saliendo positivo el test de alcoholemia. Esta inmigrante se niega a entregar su vehiculo y al descender del mismo provoca agresiones verbales a los oficiales, con llave en mano y se da a la fuga, tras en una corta persecuci\u00f3n policial logran aprehenderlo y lo trasladan a comisaria local, interviene la UFI N\u00ba 5 de la ciudad. <\/p>\n","protected":false},"excerpt":{"rendered":"<p>En la ma\u00f1ana de ayer alrededor de las 6:45 hs, en operativo policial de intercepci\u00f3n vehicular e identificaci\u00f3n de personas en calles Ruiz Moreno y Pellegrini, dan con el paradero de un hombre mayor de origen chino quien circulaba en un autom\u00f3vil con falta de documentaci\u00f3n y saliendo positivo el test de alcoholemia. Esta inmigrante [&hellip;]<\/p>\n","protected":false},"author":4,"featured_media":13049,"comment_status":"open","ping_status":"closed","sticky":false,"template":"","format":"standard","meta":{"om_disable_all_campaigns":false,"_jetpack_memberships_contains_paid_content":false,"footnotes":""},"categories":[2,103],"tags":[],"class_list":["post-14156","post","type-post","status-publish","format-standard","has-post-thumbnail","hentry","category-locales","category-policiales-locales"],"aioseo_notices":[],"gutentor_comment":0,"jetpack_featured_media_url":"https:\/\/eldiariodesanpedro.com.ar\/sitio\/wp-content\/uploads\/2017\/01\/Se-trabaj\u00f3-en-conjunto-con-polic\u00eda-departamental-y-local.jpg","jetpack_shortlink":"https:\/\/wp.me\/p6RhLt-3Gk","jetpack_sharing_enabled":true,"_links":{"self":[{"href":"https:\/\/eldiariodesanpedro.com.ar\/sitio\/wp-json\/wp\/v2\/posts\/14156","targetHints":{"allow":["GET"]}}],"collection":[{"href":"https:\/\/eldiariodesanpedro.com.ar\/sitio\/wp-json\/wp\/v2\/posts"}],"about":[{"href":"https:\/\/eldiariodesanpedro.com.ar\/sitio\/wp-json\/wp\/v2\/types\/post"}],"author":[{"embeddable":true,"href":"https:\/\/eldiariodesanpedro.com.ar\/sitio\/wp-json\/wp\/v2\/users\/4"}],"replies":[{"embeddable":true,"href":"https:\/\/eldiariodesanpedro.com.ar\/sitio\/wp-json\/wp\/v2\/comments?post=14156"}],"version-history":[{"count":1,"href":"https:\/\/eldiariodesanpedro.com.ar\/sitio\/wp-json\/wp\/v2\/posts\/14156\/revisions"}],"predecessor-version":[{"id":14157,"href":"https:\/\/eldiariodesanpedro.com.ar\/sitio\/wp-json\/wp\/v2\/posts\/14156\/revisions\/14157"}],"wp:featuredmedia":[{"embeddable":true,"href":"https:\/\/eldiariodesanpedro.com.ar\/sitio\/wp-json\/wp\/v2\/media\/13049"}],"wp:attachment":[{"href":"https:\/\/eldiariodesanpedro.com.ar\/sitio\/wp-json\/wp\/v2\/media?parent=14156"}],"wp:term":[{"taxonomy":"category","embeddable":true,"href":"https:\/\/eldiariodesanpedro.com.ar\/sitio\/wp-json\/wp\/v2\/categories?post=14156"},{"taxonomy":"post_tag","embeddable":true,"href":"https:\/\/eldiariodesanpedro.com.ar\/sitio\/wp-json\/wp\/v2\/tags?post=14156"}],"curies":[{"name":"wp","href":"https:\/\/api.w.org\/{rel}","templated":true}]}}