{"id":14152,"date":"2017-02-06T14:28:31","date_gmt":"2017-02-06T17:28:31","guid":{"rendered":"https:\/\/eldiariodesanpedro.com.ar\/sitio\/?p=14152"},"modified":"2017-02-06T14:28:31","modified_gmt":"2017-02-06T17:28:31","slug":"un-detenido-por-pedido-de-captura-activo","status":"publish","type":"post","link":"https:\/\/eldiariodesanpedro.com.ar\/sitio\/un-detenido-por-pedido-de-captura-activo\/","title":{"rendered":"Un detenido por pedido de captura activo"},"content":{"rendered":"<p><!-- VideographyWP Plugin Message: Automatic video embedding prevented by plugin options. --><br \/>\nEn la ma\u00f1ana de ayer alrededor de las 11:00 hs de la ma\u00f1ana, personal de polic\u00eda local San Pedro, en calle Hipolito Irigoyen entre Mitre y Pellegrini, procedieron a identificar a un hombre mayor de edad, quien al pasar sus datos a la radio estaci\u00f3n de San Nicol\u00e1s, les comunicaron que tiene pedido de captura activo por robo y encubrimiento a solicitud de la UFI N\u00ba 5 de San Pedro. Este hombre se le notific\u00f3 el agravante y el pedido que se presente urgente a primera audiencia, se identifique el domicilio y posterior libertad.<\/p>\n","protected":false},"excerpt":{"rendered":"<p>En la ma\u00f1ana de ayer alrededor de las 11:00 hs de la ma\u00f1ana, personal de polic\u00eda local San Pedro, en calle Hipolito Irigoyen entre Mitre y Pellegrini, procedieron a identificar a un hombre mayor de edad, quien al pasar sus datos a la radio estaci\u00f3n de San Nicol\u00e1s, les comunicaron que tiene pedido de captura [&hellip;]<\/p>\n","protected":false},"author":4,"featured_media":2693,"comment_status":"open","ping_status":"closed","sticky":false,"template":"","format":"standard","meta":{"om_disable_all_campaigns":false,"_jetpack_memberships_contains_paid_content":false,"footnotes":""},"categories":[2,103],"tags":[],"class_list":["post-14152","post","type-post","status-publish","format-standard","has-post-thumbnail","hentry","category-locales","category-policiales-locales"],"aioseo_notices":[],"gutentor_comment":0,"jetpack_featured_media_url":"https:\/\/eldiariodesanpedro.com.ar\/sitio\/wp-content\/uploads\/2016\/04\/Policia-Bonaerense.jpg","jetpack_shortlink":"https:\/\/wp.me\/p6RhLt-3Gg","jetpack_sharing_enabled":true,"_links":{"self":[{"href":"https:\/\/eldiariodesanpedro.com.ar\/sitio\/wp-json\/wp\/v2\/posts\/14152","targetHints":{"allow":["GET"]}}],"collection":[{"href":"https:\/\/eldiariodesanpedro.com.ar\/sitio\/wp-json\/wp\/v2\/posts"}],"about":[{"href":"https:\/\/eldiariodesanpedro.com.ar\/sitio\/wp-json\/wp\/v2\/types\/post"}],"author":[{"embeddable":true,"href":"https:\/\/eldiariodesanpedro.com.ar\/sitio\/wp-json\/wp\/v2\/users\/4"}],"replies":[{"embeddable":true,"href":"https:\/\/eldiariodesanpedro.com.ar\/sitio\/wp-json\/wp\/v2\/comments?post=14152"}],"version-history":[{"count":1,"href":"https:\/\/eldiariodesanpedro.com.ar\/sitio\/wp-json\/wp\/v2\/posts\/14152\/revisions"}],"predecessor-version":[{"id":14153,"href":"https:\/\/eldiariodesanpedro.com.ar\/sitio\/wp-json\/wp\/v2\/posts\/14152\/revisions\/14153"}],"wp:featuredmedia":[{"embeddable":true,"href":"https:\/\/eldiariodesanpedro.com.ar\/sitio\/wp-json\/wp\/v2\/media\/2693"}],"wp:attachment":[{"href":"https:\/\/eldiariodesanpedro.com.ar\/sitio\/wp-json\/wp\/v2\/media?parent=14152"}],"wp:term":[{"taxonomy":"category","embeddable":true,"href":"https:\/\/eldiariodesanpedro.com.ar\/sitio\/wp-json\/wp\/v2\/categories?post=14152"},{"taxonomy":"post_tag","embeddable":true,"href":"https:\/\/eldiariodesanpedro.com.ar\/sitio\/wp-json\/wp\/v2\/tags?post=14152"}],"curies":[{"name":"wp","href":"https:\/\/api.w.org\/{rel}","templated":true}]}}