{"id":14148,"date":"2017-02-06T14:21:12","date_gmt":"2017-02-06T17:21:12","guid":{"rendered":"https:\/\/eldiariodesanpedro.com.ar\/sitio\/?p=14148"},"modified":"2017-02-06T14:21:12","modified_gmt":"2017-02-06T17:21:12","slug":"ingreso-a-la-casa-de-su-ex-y-provoco-danos-materiales","status":"publish","type":"post","link":"https:\/\/eldiariodesanpedro.com.ar\/sitio\/ingreso-a-la-casa-de-su-ex-y-provoco-danos-materiales\/","title":{"rendered":"Ingres\u00f3 a la casa de su ex y provoc\u00f3 da\u00f1os materiales"},"content":{"rendered":"<p><!-- VideographyWP Plugin Message: Automatic video embedding prevented by plugin options. --><br \/>\nEn la madrugada de hoy, personal de  polic\u00eda, se dirigi\u00f3 a una casa ubicada en el Barrio 104 viviendas, donde un hombre de mayor de edad, hab\u00eda ingresado a la casa de su ex pareja rompiendo la ventana, produci\u00e9ndole da\u00f1os a la vivienda. <\/p>\n<p>Al llegar efectivo policial, intenta detener a este sujeto quien se resiste tratando de  provocar agresiones a los uniformados al encontrarse muy alterado. La persona que estaba en la vivienda siendo su ex pareja no recibi\u00f3 agresiones f\u00edsicas, logran detenerlo y siendo trasladado a comisaria local.<\/p>\n<p>Interviene en este caso UFI 07 de nuestra ciudad. <\/p>\n","protected":false},"excerpt":{"rendered":"<p>En la madrugada de hoy, personal de polic\u00eda, se dirigi\u00f3 a una casa ubicada en el Barrio 104 viviendas, donde un hombre de mayor de edad, hab\u00eda ingresado a la casa de su ex pareja rompiendo la ventana, produci\u00e9ndole da\u00f1os a la vivienda. Al llegar efectivo policial, intenta detener a este sujeto quien se resiste [&hellip;]<\/p>\n","protected":false},"author":4,"featured_media":1892,"comment_status":"open","ping_status":"closed","sticky":false,"template":"","format":"standard","meta":{"om_disable_all_campaigns":false,"_jetpack_memberships_contains_paid_content":false,"footnotes":""},"categories":[2,103],"tags":[],"class_list":["post-14148","post","type-post","status-publish","format-standard","has-post-thumbnail","hentry","category-locales","category-policiales-locales"],"aioseo_notices":[],"gutentor_comment":0,"jetpack_featured_media_url":"https:\/\/eldiariodesanpedro.com.ar\/sitio\/wp-content\/uploads\/2016\/01\/Detenido.jpg","jetpack_shortlink":"https:\/\/wp.me\/p6RhLt-3Gc","jetpack_sharing_enabled":true,"_links":{"self":[{"href":"https:\/\/eldiariodesanpedro.com.ar\/sitio\/wp-json\/wp\/v2\/posts\/14148","targetHints":{"allow":["GET"]}}],"collection":[{"href":"https:\/\/eldiariodesanpedro.com.ar\/sitio\/wp-json\/wp\/v2\/posts"}],"about":[{"href":"https:\/\/eldiariodesanpedro.com.ar\/sitio\/wp-json\/wp\/v2\/types\/post"}],"author":[{"embeddable":true,"href":"https:\/\/eldiariodesanpedro.com.ar\/sitio\/wp-json\/wp\/v2\/users\/4"}],"replies":[{"embeddable":true,"href":"https:\/\/eldiariodesanpedro.com.ar\/sitio\/wp-json\/wp\/v2\/comments?post=14148"}],"version-history":[{"count":1,"href":"https:\/\/eldiariodesanpedro.com.ar\/sitio\/wp-json\/wp\/v2\/posts\/14148\/revisions"}],"predecessor-version":[{"id":14149,"href":"https:\/\/eldiariodesanpedro.com.ar\/sitio\/wp-json\/wp\/v2\/posts\/14148\/revisions\/14149"}],"wp:featuredmedia":[{"embeddable":true,"href":"https:\/\/eldiariodesanpedro.com.ar\/sitio\/wp-json\/wp\/v2\/media\/1892"}],"wp:attachment":[{"href":"https:\/\/eldiariodesanpedro.com.ar\/sitio\/wp-json\/wp\/v2\/media?parent=14148"}],"wp:term":[{"taxonomy":"category","embeddable":true,"href":"https:\/\/eldiariodesanpedro.com.ar\/sitio\/wp-json\/wp\/v2\/categories?post=14148"},{"taxonomy":"post_tag","embeddable":true,"href":"https:\/\/eldiariodesanpedro.com.ar\/sitio\/wp-json\/wp\/v2\/tags?post=14148"}],"curies":[{"name":"wp","href":"https:\/\/api.w.org\/{rel}","templated":true}]}}