{"id":14146,"date":"2017-02-06T14:17:13","date_gmt":"2017-02-06T17:17:13","guid":{"rendered":"https:\/\/eldiariodesanpedro.com.ar\/sitio\/?p=14146"},"modified":"2017-02-06T14:17:13","modified_gmt":"2017-02-06T17:17:13","slug":"les-robaron-mientras-dormian","status":"publish","type":"post","link":"https:\/\/eldiariodesanpedro.com.ar\/sitio\/les-robaron-mientras-dormian\/","title":{"rendered":"Les robaron mientras dorm\u00edan"},"content":{"rendered":"<p><!-- VideographyWP Plugin Message: Automatic video embedding prevented by plugin options. --><br \/>\nEn horas de esta madrugada ingresaron dos malvivientes en una quinta de calle Oliveira Cesar al 1300 de esta ciudad, quienes ingresan sin que los due\u00f1os se dieran cuenta porque estaban dormidos, luego de permanecer una hora en el lugar se dan a la fuga sustrayendo dinero en efectivo, alhajas y otros elementos de valor.<\/p>\n<p>Las personas que se encontraban no recibieron ning\u00fan tipo de agresi\u00f3n ya que no se dieron cuenta de lo que estaba pasando, tampoco se sabe como ingresaron al domicilio.<\/p>\n<p>La denuncia se radic\u00f3 en comisaria local y tom\u00f3 intervenci\u00f3n la UFI N\u00ba 5 de San Pedro.<\/p>\n","protected":false},"excerpt":{"rendered":"<p>En horas de esta madrugada ingresaron dos malvivientes en una quinta de calle Oliveira Cesar al 1300 de esta ciudad, quienes ingresan sin que los due\u00f1os se dieran cuenta porque estaban dormidos, luego de permanecer una hora en el lugar se dan a la fuga sustrayendo dinero en efectivo, alhajas y otros elementos de valor. [&hellip;]<\/p>\n","protected":false},"author":4,"featured_media":13372,"comment_status":"open","ping_status":"closed","sticky":false,"template":"","format":"standard","meta":{"om_disable_all_campaigns":false,"_jetpack_memberships_contains_paid_content":false,"footnotes":""},"categories":[2,103],"tags":[],"class_list":["post-14146","post","type-post","status-publish","format-standard","has-post-thumbnail","hentry","category-locales","category-policiales-locales"],"aioseo_notices":[],"gutentor_comment":0,"jetpack_featured_media_url":"https:\/\/eldiariodesanpedro.com.ar\/sitio\/wp-content\/uploads\/2017\/01\/Patrulla-4-e1485286120389.jpg","jetpack_shortlink":"https:\/\/wp.me\/p6RhLt-3Ga","jetpack_sharing_enabled":true,"_links":{"self":[{"href":"https:\/\/eldiariodesanpedro.com.ar\/sitio\/wp-json\/wp\/v2\/posts\/14146","targetHints":{"allow":["GET"]}}],"collection":[{"href":"https:\/\/eldiariodesanpedro.com.ar\/sitio\/wp-json\/wp\/v2\/posts"}],"about":[{"href":"https:\/\/eldiariodesanpedro.com.ar\/sitio\/wp-json\/wp\/v2\/types\/post"}],"author":[{"embeddable":true,"href":"https:\/\/eldiariodesanpedro.com.ar\/sitio\/wp-json\/wp\/v2\/users\/4"}],"replies":[{"embeddable":true,"href":"https:\/\/eldiariodesanpedro.com.ar\/sitio\/wp-json\/wp\/v2\/comments?post=14146"}],"version-history":[{"count":1,"href":"https:\/\/eldiariodesanpedro.com.ar\/sitio\/wp-json\/wp\/v2\/posts\/14146\/revisions"}],"predecessor-version":[{"id":14147,"href":"https:\/\/eldiariodesanpedro.com.ar\/sitio\/wp-json\/wp\/v2\/posts\/14146\/revisions\/14147"}],"wp:featuredmedia":[{"embeddable":true,"href":"https:\/\/eldiariodesanpedro.com.ar\/sitio\/wp-json\/wp\/v2\/media\/13372"}],"wp:attachment":[{"href":"https:\/\/eldiariodesanpedro.com.ar\/sitio\/wp-json\/wp\/v2\/media?parent=14146"}],"wp:term":[{"taxonomy":"category","embeddable":true,"href":"https:\/\/eldiariodesanpedro.com.ar\/sitio\/wp-json\/wp\/v2\/categories?post=14146"},{"taxonomy":"post_tag","embeddable":true,"href":"https:\/\/eldiariodesanpedro.com.ar\/sitio\/wp-json\/wp\/v2\/tags?post=14146"}],"curies":[{"name":"wp","href":"https:\/\/api.w.org\/{rel}","templated":true}]}}