{"id":14144,"date":"2017-02-06T14:12:50","date_gmt":"2017-02-06T17:12:50","guid":{"rendered":"https:\/\/eldiariodesanpedro.com.ar\/sitio\/?p=14144"},"modified":"2017-02-06T14:12:50","modified_gmt":"2017-02-06T17:12:50","slug":"detuvieron-a-un-joven-por-robar-un-celular","status":"publish","type":"post","link":"https:\/\/eldiariodesanpedro.com.ar\/sitio\/detuvieron-a-un-joven-por-robar-un-celular\/","title":{"rendered":"Detuvieron a un joven por robar un celular"},"content":{"rendered":"<p><!-- VideographyWP Plugin Message: Automatic video embedding prevented by plugin options. --><br \/>\nEn el d\u00eda de ayer cercanas las 22:45 hs personal de la comisaria local intervino en las calles Bozzano y Belgrano, donde se procedi\u00f3 a la detenci\u00f3n de un hombre mayor de edad quien seg\u00fan les contaron testigos, habia arrebatado un telefono celular a una joven femenina en inmediaciones de calle Tres de Febrero y Mitre de esta ciudad, donde fue secuestrado el telefono al detenerlo.<\/p>\n<p>Intervino la UFI N\u00ba 5  de San Pdero, donde qued\u00f3 detenido y alojado en la comisaria hasta el d\u00eda de hoy lunes que ser\u00e1 presentado en la sede judicial.<\/p>\n","protected":false},"excerpt":{"rendered":"<p>En el d\u00eda de ayer cercanas las 22:45 hs personal de la comisaria local intervino en las calles Bozzano y Belgrano, donde se procedi\u00f3 a la detenci\u00f3n de un hombre mayor de edad quien seg\u00fan les contaron testigos, habia arrebatado un telefono celular a una joven femenina en inmediaciones de calle Tres de Febrero y [&hellip;]<\/p>\n","protected":false},"author":4,"featured_media":5588,"comment_status":"open","ping_status":"closed","sticky":false,"template":"","format":"standard","meta":{"om_disable_all_campaigns":false,"_jetpack_memberships_contains_paid_content":false,"footnotes":""},"categories":[2,103],"tags":[],"class_list":["post-14144","post","type-post","status-publish","format-standard","has-post-thumbnail","hentry","category-locales","category-policiales-locales"],"aioseo_notices":[],"gutentor_comment":0,"jetpack_featured_media_url":"https:\/\/eldiariodesanpedro.com.ar\/sitio\/wp-content\/uploads\/2016\/06\/patrulla-policia-1.jpg","jetpack_shortlink":"https:\/\/wp.me\/p6RhLt-3G8","jetpack_sharing_enabled":true,"_links":{"self":[{"href":"https:\/\/eldiariodesanpedro.com.ar\/sitio\/wp-json\/wp\/v2\/posts\/14144","targetHints":{"allow":["GET"]}}],"collection":[{"href":"https:\/\/eldiariodesanpedro.com.ar\/sitio\/wp-json\/wp\/v2\/posts"}],"about":[{"href":"https:\/\/eldiariodesanpedro.com.ar\/sitio\/wp-json\/wp\/v2\/types\/post"}],"author":[{"embeddable":true,"href":"https:\/\/eldiariodesanpedro.com.ar\/sitio\/wp-json\/wp\/v2\/users\/4"}],"replies":[{"embeddable":true,"href":"https:\/\/eldiariodesanpedro.com.ar\/sitio\/wp-json\/wp\/v2\/comments?post=14144"}],"version-history":[{"count":1,"href":"https:\/\/eldiariodesanpedro.com.ar\/sitio\/wp-json\/wp\/v2\/posts\/14144\/revisions"}],"predecessor-version":[{"id":14145,"href":"https:\/\/eldiariodesanpedro.com.ar\/sitio\/wp-json\/wp\/v2\/posts\/14144\/revisions\/14145"}],"wp:featuredmedia":[{"embeddable":true,"href":"https:\/\/eldiariodesanpedro.com.ar\/sitio\/wp-json\/wp\/v2\/media\/5588"}],"wp:attachment":[{"href":"https:\/\/eldiariodesanpedro.com.ar\/sitio\/wp-json\/wp\/v2\/media?parent=14144"}],"wp:term":[{"taxonomy":"category","embeddable":true,"href":"https:\/\/eldiariodesanpedro.com.ar\/sitio\/wp-json\/wp\/v2\/categories?post=14144"},{"taxonomy":"post_tag","embeddable":true,"href":"https:\/\/eldiariodesanpedro.com.ar\/sitio\/wp-json\/wp\/v2\/tags?post=14144"}],"curies":[{"name":"wp","href":"https:\/\/api.w.org\/{rel}","templated":true}]}}