{"id":141412,"date":"2025-06-25T15:39:04","date_gmt":"2025-06-25T18:39:04","guid":{"rendered":"https:\/\/eldiariodesanpedro.com.ar\/sitio\/?p=141412"},"modified":"2025-06-25T15:50:18","modified_gmt":"2025-06-25T18:50:18","slug":"edicto-de-subasta-de-la-municipalidad-de-baradero","status":"publish","type":"post","link":"https:\/\/eldiariodesanpedro.com.ar\/sitio\/edicto-de-subasta-de-la-municipalidad-de-baradero\/","title":{"rendered":"Edicto de subasta de la Municipalidad de Baradero"},"content":{"rendered":"<!-- VideographyWP Plugin Message: Automatic video embedding prevented by plugin options. -->\n\n<p>El Municipio de Baradero, con asiento en la calle San Martin n\u00b0 905, a trav\u00e9s de la Subsecretaria de Seguridad Ciudadana, cita por un (1) d\u00eda y emplaza por quince (15) d\u00edas corridos, que se contaran desde la \u00faltima publicaci\u00f3n, a fines de que los titulares o terceros interesados si los hubiera, se presenten a hacer valer sus derechos, en un todo de acuerdo a lo dispuesto por los art\u00edculos 4\u00b0 y 6\u00b0 de la ley 14.15447, sobre los veh\u00edculos que a continuaci\u00f3n se detallan: HONDA WAVE 243HLO 2011 &#8211; GUERRERO TRIP 882IWR 2012 &#8211; MOTOMEL B110 943KYV 2015 &#8211; SUZUKI AX100 A061FTW&nbsp;&nbsp;&nbsp; 2017 &#8211; HONDA STORM 018CYI 2006 &#8211; HONDA WAVE&nbsp;&nbsp;&nbsp;&nbsp;&nbsp;&nbsp;&nbsp;&nbsp;&nbsp;&nbsp;&nbsp; 745IFX 2012 &#8211; GUERRERO TRIP 109DNI&nbsp; 2008 &#8211; OLMO FLASH 110S&nbsp; 085ICE 2012 &#8211; HONDA CG125 415CYI 2006 &#8211; YAMAHA YBR125 355DNI 2008 &#8211; BAJAJ XCD125 554GGD 2010 GILERA SMASH 718LKZ 2015 &#8211;&nbsp; MOTOMEL B110 941GEC 2010 &#8211; GILERA SMASH A055CJV 2017 &#8211; MOTOMEL B110 424LPZ 2016 &#8211; GUERRERO TRIP 819IXU 2013 &#8211;&nbsp; GILERA SMASH 238LGO 2015 &#8211;&nbsp; YAMAHA CRYPTON 253JDL 2012 &#8211;&nbsp; MOTOMEL B110&nbsp;&nbsp;&nbsp; A097NPD 2019 &#8211; MOTOMEL SKUA 250 A0065AZZ 2018 &#8211; ZANELLA ZB125 213GRD 2010 &#8211; HONDA CB1 300KAJ 2013 &#8211; HONDA CG125 01-0104027\/2004 2005 &#8211; GUERRERO TRIP 042-000392072\/2010 2010<\/p>\n\n\n\n<p>ZANELLA STYLER 150 005-000969866\/2017 2017 &#8211; SUZUKI AX100 065-000012085\/2014 2014 &#8211; BRAVA NEVADA 110 044-000149317\/2017 2017 &#8211; BRAVA NEVADA 110 044-0001136903\/2017 2017 &#8211; MOTOMEL B110 045-000412980\/2011 2011 &#8211; MOTOMEL&nbsp;&nbsp;&nbsp;&nbsp;&nbsp;&nbsp; B110 045-000566423\/2013&nbsp;&nbsp; 2013 &#8211; MOTOMEL B110 045-000707963\/2016 2016<\/p>\n\n\n\n<p>DR. ANTONIO LACERNA<br>SUBSECRATARIO DE SEGURIDAD CIUDADANA<\/p>\n","protected":false},"excerpt":{"rendered":"<p>El Municipio de Baradero, con asiento en la calle San Martin n\u00b0 905, a trav\u00e9s de la Subsecretaria de Seguridad Ciudadana, cita por un (1) d\u00eda y emplaza por quince (15) d\u00edas corridos, que se contaran desde la \u00faltima publicaci\u00f3n, a fines de que los titulares o terceros interesados si los hubiera, se presenten a [&hellip;]<\/p>\n","protected":false},"author":4,"featured_media":129920,"comment_status":"closed","ping_status":"closed","sticky":false,"template":"","format":"standard","meta":{"om_disable_all_campaigns":false,"_jetpack_memberships_contains_paid_content":false,"footnotes":""},"categories":[676,1124],"tags":[],"class_list":["post-141412","post","type-post","status-publish","format-standard","has-post-thumbnail","hentry","category-edictos","category-edictos-especiales"],"aioseo_notices":[],"gutentor_comment":0,"jetpack_featured_media_url":"https:\/\/eldiariodesanpedro.com.ar\/sitio\/wp-content\/uploads\/2024\/06\/Municipalidad-Baradero-2024.jpg","jetpack_shortlink":"https:\/\/wp.me\/p6RhLt-AMQ","jetpack_sharing_enabled":true,"_links":{"self":[{"href":"https:\/\/eldiariodesanpedro.com.ar\/sitio\/wp-json\/wp\/v2\/posts\/141412","targetHints":{"allow":["GET"]}}],"collection":[{"href":"https:\/\/eldiariodesanpedro.com.ar\/sitio\/wp-json\/wp\/v2\/posts"}],"about":[{"href":"https:\/\/eldiariodesanpedro.com.ar\/sitio\/wp-json\/wp\/v2\/types\/post"}],"author":[{"embeddable":true,"href":"https:\/\/eldiariodesanpedro.com.ar\/sitio\/wp-json\/wp\/v2\/users\/4"}],"replies":[{"embeddable":true,"href":"https:\/\/eldiariodesanpedro.com.ar\/sitio\/wp-json\/wp\/v2\/comments?post=141412"}],"version-history":[{"count":1,"href":"https:\/\/eldiariodesanpedro.com.ar\/sitio\/wp-json\/wp\/v2\/posts\/141412\/revisions"}],"predecessor-version":[{"id":141413,"href":"https:\/\/eldiariodesanpedro.com.ar\/sitio\/wp-json\/wp\/v2\/posts\/141412\/revisions\/141413"}],"wp:featuredmedia":[{"embeddable":true,"href":"https:\/\/eldiariodesanpedro.com.ar\/sitio\/wp-json\/wp\/v2\/media\/129920"}],"wp:attachment":[{"href":"https:\/\/eldiariodesanpedro.com.ar\/sitio\/wp-json\/wp\/v2\/media?parent=141412"}],"wp:term":[{"taxonomy":"category","embeddable":true,"href":"https:\/\/eldiariodesanpedro.com.ar\/sitio\/wp-json\/wp\/v2\/categories?post=141412"},{"taxonomy":"post_tag","embeddable":true,"href":"https:\/\/eldiariodesanpedro.com.ar\/sitio\/wp-json\/wp\/v2\/tags?post=141412"}],"curies":[{"name":"wp","href":"https:\/\/api.w.org\/{rel}","templated":true}]}}