{"id":14137,"date":"2017-02-06T13:56:28","date_gmt":"2017-02-06T16:56:28","guid":{"rendered":"https:\/\/eldiariodesanpedro.com.ar\/sitio\/?p=14137"},"modified":"2017-02-06T13:56:28","modified_gmt":"2017-02-06T16:56:28","slug":"allanamiento-con-un-detenido-secuestro-elementos-robados-y-baguyos-de-marihuana","status":"publish","type":"post","link":"https:\/\/eldiariodesanpedro.com.ar\/sitio\/allanamiento-con-un-detenido-secuestro-elementos-robados-y-baguyos-de-marihuana\/","title":{"rendered":"Allanamiento con un detenido, secuestro elementos robados y baguyos de marihuana"},"content":{"rendered":"<p><!-- VideographyWP Plugin Message: Automatic video embedding prevented by plugin options. --><br \/>\nEl d\u00eda s\u00e1bado en horas de la madrugada personal de la comisaria local en conjunto con la Sub DDI de Baradero realizaron un allanamiento en un domicilio ubicado en calle Obligado 650 de nuestra ciudad.<\/p>\n<p>En el lugar del operativo se pudo secuestrar elementos que hab\u00edan sido sustra\u00eddos d\u00edas antes a una damnificada en un delito de hurto, como as\u00ed tambi\u00e9n se procedi\u00f3 al secuestro de tres baguyos de marihuana por lo que se iniciaron actuaciones y tomo intervenci\u00f3n la UFI N\u00ba 5<\/p>\n","protected":false},"excerpt":{"rendered":"<p>El d\u00eda s\u00e1bado en horas de la madrugada personal de la comisaria local en conjunto con la Sub DDI de Baradero realizaron un allanamiento en un domicilio ubicado en calle Obligado 650 de nuestra ciudad. En el lugar del operativo se pudo secuestrar elementos que hab\u00edan sido sustra\u00eddos d\u00edas antes a una damnificada en un [&hellip;]<\/p>\n","protected":false},"author":4,"featured_media":7018,"comment_status":"open","ping_status":"closed","sticky":false,"template":"","format":"standard","meta":{"om_disable_all_campaigns":false,"_jetpack_memberships_contains_paid_content":false,"footnotes":""},"categories":[2,103],"tags":[],"class_list":["post-14137","post","type-post","status-publish","format-standard","has-post-thumbnail","hentry","category-locales","category-policiales-locales"],"aioseo_notices":[],"gutentor_comment":0,"jetpack_featured_media_url":"https:\/\/eldiariodesanpedro.com.ar\/sitio\/wp-content\/uploads\/2016\/08\/FOTO-TAPA.jpg","jetpack_shortlink":"https:\/\/wp.me\/p6RhLt-3G1","jetpack_sharing_enabled":true,"_links":{"self":[{"href":"https:\/\/eldiariodesanpedro.com.ar\/sitio\/wp-json\/wp\/v2\/posts\/14137","targetHints":{"allow":["GET"]}}],"collection":[{"href":"https:\/\/eldiariodesanpedro.com.ar\/sitio\/wp-json\/wp\/v2\/posts"}],"about":[{"href":"https:\/\/eldiariodesanpedro.com.ar\/sitio\/wp-json\/wp\/v2\/types\/post"}],"author":[{"embeddable":true,"href":"https:\/\/eldiariodesanpedro.com.ar\/sitio\/wp-json\/wp\/v2\/users\/4"}],"replies":[{"embeddable":true,"href":"https:\/\/eldiariodesanpedro.com.ar\/sitio\/wp-json\/wp\/v2\/comments?post=14137"}],"version-history":[{"count":1,"href":"https:\/\/eldiariodesanpedro.com.ar\/sitio\/wp-json\/wp\/v2\/posts\/14137\/revisions"}],"predecessor-version":[{"id":14138,"href":"https:\/\/eldiariodesanpedro.com.ar\/sitio\/wp-json\/wp\/v2\/posts\/14137\/revisions\/14138"}],"wp:featuredmedia":[{"embeddable":true,"href":"https:\/\/eldiariodesanpedro.com.ar\/sitio\/wp-json\/wp\/v2\/media\/7018"}],"wp:attachment":[{"href":"https:\/\/eldiariodesanpedro.com.ar\/sitio\/wp-json\/wp\/v2\/media?parent=14137"}],"wp:term":[{"taxonomy":"category","embeddable":true,"href":"https:\/\/eldiariodesanpedro.com.ar\/sitio\/wp-json\/wp\/v2\/categories?post=14137"},{"taxonomy":"post_tag","embeddable":true,"href":"https:\/\/eldiariodesanpedro.com.ar\/sitio\/wp-json\/wp\/v2\/tags?post=14137"}],"curies":[{"name":"wp","href":"https:\/\/api.w.org\/{rel}","templated":true}]}}