{"id":14135,"date":"2017-02-06T13:46:04","date_gmt":"2017-02-06T16:46:04","guid":{"rendered":"https:\/\/eldiariodesanpedro.com.ar\/sitio\/?p=14135"},"modified":"2017-02-06T13:47:42","modified_gmt":"2017-02-06T16:47:42","slug":"un-hombre-primero-agredio-a-su-pareja-y-luego-golpeo-a-un-policia","status":"publish","type":"post","link":"https:\/\/eldiariodesanpedro.com.ar\/sitio\/un-hombre-primero-agredio-a-su-pareja-y-luego-golpeo-a-un-policia\/","title":{"rendered":"Un hombre primero agredi\u00f3 a su pareja y luego golpe\u00f3 a un policia"},"content":{"rendered":"<p><!-- VideographyWP Plugin Message: Automatic video embedding prevented by plugin options. --><br \/>\nEl pasado viernes alrededor de las 23:00 hs en calle Las Heras al 400 de nuestra ciudad se hace presente personal policial a ra\u00edz de una llamado al servicio de emergencia 101, donde se alertaba que estaba produciendo una conflicto familiar y al llegar los m\u00f3viles una hombre mayor de edad que se encontraba discutiendo con su pareja se enfurece y comienza a agredir f\u00edsicamente a uno de los uniformados quien sufri\u00f3 heridas leves, momentos despu\u00e9s intentando darse a la fuga corriendo pero es reducido metros mas adelante por el resto de los oficiales cabe destacar que en ese momento se encontraba aun mas agresivo poniendo en riesgo la integridad de los polic\u00eda.<\/p>\n<p>Esta persona violenta fue trasladada a la comisaria local y tomando actuaciones e intervenci\u00f3n la UFI N\u00ba 5 de nuestra ciudad .<\/p>\n","protected":false},"excerpt":{"rendered":"<p>El pasado viernes alrededor de las 23:00 hs en calle Las Heras al 400 de nuestra ciudad se hace presente personal policial a ra\u00edz de una llamado al servicio de emergencia 101, donde se alertaba que estaba produciendo una conflicto familiar y al llegar los m\u00f3viles una hombre mayor de edad que se encontraba discutiendo [&hellip;]<\/p>\n","protected":false},"author":4,"featured_media":5796,"comment_status":"open","ping_status":"closed","sticky":false,"template":"","format":"standard","meta":{"om_disable_all_campaigns":false,"_jetpack_memberships_contains_paid_content":false,"footnotes":""},"categories":[50,2,103],"tags":[],"class_list":["post-14135","post","type-post","status-publish","format-standard","has-post-thumbnail","hentry","category-destacadas","category-locales","category-policiales-locales"],"aioseo_notices":[],"gutentor_comment":0,"jetpack_featured_media_url":"https:\/\/eldiariodesanpedro.com.ar\/sitio\/wp-content\/uploads\/2016\/07\/0007654707-1.jpg","jetpack_shortlink":"https:\/\/wp.me\/p6RhLt-3FZ","jetpack_sharing_enabled":true,"_links":{"self":[{"href":"https:\/\/eldiariodesanpedro.com.ar\/sitio\/wp-json\/wp\/v2\/posts\/14135","targetHints":{"allow":["GET"]}}],"collection":[{"href":"https:\/\/eldiariodesanpedro.com.ar\/sitio\/wp-json\/wp\/v2\/posts"}],"about":[{"href":"https:\/\/eldiariodesanpedro.com.ar\/sitio\/wp-json\/wp\/v2\/types\/post"}],"author":[{"embeddable":true,"href":"https:\/\/eldiariodesanpedro.com.ar\/sitio\/wp-json\/wp\/v2\/users\/4"}],"replies":[{"embeddable":true,"href":"https:\/\/eldiariodesanpedro.com.ar\/sitio\/wp-json\/wp\/v2\/comments?post=14135"}],"version-history":[{"count":1,"href":"https:\/\/eldiariodesanpedro.com.ar\/sitio\/wp-json\/wp\/v2\/posts\/14135\/revisions"}],"predecessor-version":[{"id":14136,"href":"https:\/\/eldiariodesanpedro.com.ar\/sitio\/wp-json\/wp\/v2\/posts\/14135\/revisions\/14136"}],"wp:featuredmedia":[{"embeddable":true,"href":"https:\/\/eldiariodesanpedro.com.ar\/sitio\/wp-json\/wp\/v2\/media\/5796"}],"wp:attachment":[{"href":"https:\/\/eldiariodesanpedro.com.ar\/sitio\/wp-json\/wp\/v2\/media?parent=14135"}],"wp:term":[{"taxonomy":"category","embeddable":true,"href":"https:\/\/eldiariodesanpedro.com.ar\/sitio\/wp-json\/wp\/v2\/categories?post=14135"},{"taxonomy":"post_tag","embeddable":true,"href":"https:\/\/eldiariodesanpedro.com.ar\/sitio\/wp-json\/wp\/v2\/tags?post=14135"}],"curies":[{"name":"wp","href":"https:\/\/api.w.org\/{rel}","templated":true}]}}