{"id":14129,"date":"2017-02-06T12:52:59","date_gmt":"2017-02-06T15:52:59","guid":{"rendered":"https:\/\/eldiariodesanpedro.com.ar\/sitio\/?p=14129"},"modified":"2017-02-06T12:52:59","modified_gmt":"2017-02-06T15:52:59","slug":"un-joven-agredio-a-su-pareja-en-la-via-publica-y-fue-demorado","status":"publish","type":"post","link":"https:\/\/eldiariodesanpedro.com.ar\/sitio\/un-joven-agredio-a-su-pareja-en-la-via-publica-y-fue-demorado\/","title":{"rendered":"Un joven agredi\u00f3 a su pareja en la v\u00eda publica y fue demorado"},"content":{"rendered":"<p><!-- VideographyWP Plugin Message: Automatic video embedding prevented by plugin options. --><br \/>\nEn la tarde del d\u00eda viernes se llevo a cabo la aprehensi\u00f3n de de un joven mayor de edad que en la intersecci\u00f3n de calle Ayacucho y Miguel Porta se encontraba provocando disturbios en la v\u00eda publica y agrediendo verbal y f\u00edsicamente a su pareja. <\/p>\n<p>Este sujeto fue trasladado a la comisaria local y a la mujer al hospital Emilio Ruffa donde fue atendida en la guardia presentando heridas leves. <\/p>\n<p>Tomo intervenci\u00f3n del caso la UFI N\u00ba 5 de nuestra ciudad.<\/p>\n","protected":false},"excerpt":{"rendered":"<p>En la tarde del d\u00eda viernes se llevo a cabo la aprehensi\u00f3n de de un joven mayor de edad que en la intersecci\u00f3n de calle Ayacucho y Miguel Porta se encontraba provocando disturbios en la v\u00eda publica y agrediendo verbal y f\u00edsicamente a su pareja. Este sujeto fue trasladado a la comisaria local y a [&hellip;]<\/p>\n","protected":false},"author":4,"featured_media":11299,"comment_status":"open","ping_status":"closed","sticky":false,"template":"","format":"standard","meta":{"om_disable_all_campaigns":false,"_jetpack_memberships_contains_paid_content":false,"footnotes":""},"categories":[2,103],"tags":[],"class_list":["post-14129","post","type-post","status-publish","format-standard","has-post-thumbnail","hentry","category-locales","category-policiales-locales"],"aioseo_notices":[],"gutentor_comment":0,"jetpack_featured_media_url":"https:\/\/eldiariodesanpedro.com.ar\/sitio\/wp-content\/uploads\/2016\/12\/violencia-genero.jpg","jetpack_shortlink":"https:\/\/wp.me\/p6RhLt-3FT","jetpack_sharing_enabled":true,"_links":{"self":[{"href":"https:\/\/eldiariodesanpedro.com.ar\/sitio\/wp-json\/wp\/v2\/posts\/14129","targetHints":{"allow":["GET"]}}],"collection":[{"href":"https:\/\/eldiariodesanpedro.com.ar\/sitio\/wp-json\/wp\/v2\/posts"}],"about":[{"href":"https:\/\/eldiariodesanpedro.com.ar\/sitio\/wp-json\/wp\/v2\/types\/post"}],"author":[{"embeddable":true,"href":"https:\/\/eldiariodesanpedro.com.ar\/sitio\/wp-json\/wp\/v2\/users\/4"}],"replies":[{"embeddable":true,"href":"https:\/\/eldiariodesanpedro.com.ar\/sitio\/wp-json\/wp\/v2\/comments?post=14129"}],"version-history":[{"count":1,"href":"https:\/\/eldiariodesanpedro.com.ar\/sitio\/wp-json\/wp\/v2\/posts\/14129\/revisions"}],"predecessor-version":[{"id":14130,"href":"https:\/\/eldiariodesanpedro.com.ar\/sitio\/wp-json\/wp\/v2\/posts\/14129\/revisions\/14130"}],"wp:featuredmedia":[{"embeddable":true,"href":"https:\/\/eldiariodesanpedro.com.ar\/sitio\/wp-json\/wp\/v2\/media\/11299"}],"wp:attachment":[{"href":"https:\/\/eldiariodesanpedro.com.ar\/sitio\/wp-json\/wp\/v2\/media?parent=14129"}],"wp:term":[{"taxonomy":"category","embeddable":true,"href":"https:\/\/eldiariodesanpedro.com.ar\/sitio\/wp-json\/wp\/v2\/categories?post=14129"},{"taxonomy":"post_tag","embeddable":true,"href":"https:\/\/eldiariodesanpedro.com.ar\/sitio\/wp-json\/wp\/v2\/tags?post=14129"}],"curies":[{"name":"wp","href":"https:\/\/api.w.org\/{rel}","templated":true}]}}