{"id":14125,"date":"2017-02-06T12:13:24","date_gmt":"2017-02-06T15:13:24","guid":{"rendered":"https:\/\/eldiariodesanpedro.com.ar\/sitio\/?p=14125"},"modified":"2017-02-06T12:13:24","modified_gmt":"2017-02-06T15:13:24","slug":"un-hombre-se-resistio-a-la-autoridad-por-estar-mal-estacionado-y-fue-demorado","status":"publish","type":"post","link":"https:\/\/eldiariodesanpedro.com.ar\/sitio\/un-hombre-se-resistio-a-la-autoridad-por-estar-mal-estacionado-y-fue-demorado\/","title":{"rendered":"Un hombre se resisti\u00f3 a la autoridad por estar mal estacionado y fue demorado"},"content":{"rendered":"<p><!-- VideographyWP Plugin Message: Automatic video embedding prevented by plugin options. --><br \/>\nEl d\u00eda viernes pasado alrededor de las 15:00 hs, personal policial en conjunto con polic\u00eda local en la intersecci\u00f3n de Pellegrini e Irigoyen procedieron a la aprehensi\u00f3n de un hombre mayor de edad quien despu\u00e9s de ser identificado por haberse negado a retirar el rodado que se encontraba mal estacionado sobre un cub\u00edculo de estacionamiento de motos, esta persona se torno agresiva con los uniformados propin\u00e1ndoles empujones, impidiendo el proceder de inspecci\u00f3n municipal quien estar\u00eda labrando el acta de infracci\u00f3n correspondiente e incautando el veh\u00edculo, ademas de este hecho tambi\u00e9n ayudo a escapar a su novia que circulaba en una motocicleta y tambi\u00e9n se encontraba en infracci\u00f3n. A pesar de las advertencias este sujeto no desisto de su actitud hostil siendo aprehendido y trasladado a la sede policial.  <\/p>\n","protected":false},"excerpt":{"rendered":"<p>El d\u00eda viernes pasado alrededor de las 15:00 hs, personal policial en conjunto con polic\u00eda local en la intersecci\u00f3n de Pellegrini e Irigoyen procedieron a la aprehensi\u00f3n de un hombre mayor de edad quien despu\u00e9s de ser identificado por haberse negado a retirar el rodado que se encontraba mal estacionado sobre un cub\u00edculo de estacionamiento [&hellip;]<\/p>\n","protected":false},"author":4,"featured_media":4713,"comment_status":"open","ping_status":"closed","sticky":false,"template":"","format":"standard","meta":{"om_disable_all_campaigns":false,"_jetpack_memberships_contains_paid_content":false,"footnotes":""},"categories":[2,103],"tags":[],"class_list":["post-14125","post","type-post","status-publish","format-standard","has-post-thumbnail","hentry","category-locales","category-policiales-locales"],"aioseo_notices":[],"gutentor_comment":0,"jetpack_featured_media_url":"https:\/\/eldiariodesanpedro.com.ar\/sitio\/wp-content\/uploads\/2016\/05\/detenido.jpg","jetpack_shortlink":"https:\/\/wp.me\/p6RhLt-3FP","jetpack_sharing_enabled":true,"_links":{"self":[{"href":"https:\/\/eldiariodesanpedro.com.ar\/sitio\/wp-json\/wp\/v2\/posts\/14125","targetHints":{"allow":["GET"]}}],"collection":[{"href":"https:\/\/eldiariodesanpedro.com.ar\/sitio\/wp-json\/wp\/v2\/posts"}],"about":[{"href":"https:\/\/eldiariodesanpedro.com.ar\/sitio\/wp-json\/wp\/v2\/types\/post"}],"author":[{"embeddable":true,"href":"https:\/\/eldiariodesanpedro.com.ar\/sitio\/wp-json\/wp\/v2\/users\/4"}],"replies":[{"embeddable":true,"href":"https:\/\/eldiariodesanpedro.com.ar\/sitio\/wp-json\/wp\/v2\/comments?post=14125"}],"version-history":[{"count":1,"href":"https:\/\/eldiariodesanpedro.com.ar\/sitio\/wp-json\/wp\/v2\/posts\/14125\/revisions"}],"predecessor-version":[{"id":14126,"href":"https:\/\/eldiariodesanpedro.com.ar\/sitio\/wp-json\/wp\/v2\/posts\/14125\/revisions\/14126"}],"wp:featuredmedia":[{"embeddable":true,"href":"https:\/\/eldiariodesanpedro.com.ar\/sitio\/wp-json\/wp\/v2\/media\/4713"}],"wp:attachment":[{"href":"https:\/\/eldiariodesanpedro.com.ar\/sitio\/wp-json\/wp\/v2\/media?parent=14125"}],"wp:term":[{"taxonomy":"category","embeddable":true,"href":"https:\/\/eldiariodesanpedro.com.ar\/sitio\/wp-json\/wp\/v2\/categories?post=14125"},{"taxonomy":"post_tag","embeddable":true,"href":"https:\/\/eldiariodesanpedro.com.ar\/sitio\/wp-json\/wp\/v2\/tags?post=14125"}],"curies":[{"name":"wp","href":"https:\/\/api.w.org\/{rel}","templated":true}]}}