{"id":14122,"date":"2017-02-06T11:20:47","date_gmt":"2017-02-06T14:20:47","guid":{"rendered":"https:\/\/eldiariodesanpedro.com.ar\/sitio\/?p=14122"},"modified":"2017-02-06T11:20:47","modified_gmt":"2017-02-06T14:20:47","slug":"1o-encuentro-literario-mirada-de-mujer-organizado-por-la-sociedad-italiana-de-san-pedro","status":"publish","type":"post","link":"https:\/\/eldiariodesanpedro.com.ar\/sitio\/1o-encuentro-literario-mirada-de-mujer-organizado-por-la-sociedad-italiana-de-san-pedro\/","title":{"rendered":"1\u00ba Encuentro literario \u00abMirada de mujer\u00bb, organizado por la Sociedad Italiana de San Pedro"},"content":{"rendered":"<p><!-- VideographyWP Plugin Message: Automatic video embedding prevented by plugin options. --><br \/>\nLa Sociedad Italiana de San Pedro organiza su 1\u00ba Encuentro literario \u201cMirada de mujer\u201d, que se llevar\u00e1 a cabo en marzo, en el marco del \u201cD\u00eda Internacional de la Mujer\u201d. Los textos estar\u00e1n referidos a la mujer, pero su tratamiento y\/o tem\u00e1tica ser\u00e1 libre. Se podr\u00e1 participar con escritos en diferentes g\u00e9neros: cuento, relato, poes\u00eda, reflexi\u00f3n y se recibir\u00e1n entre el 1 y el 11 de febrero.<\/p>\n<p>A fin de organizar el encuentro, los escritos, preferentemente, no exceder\u00e1n una p\u00e1gina de formato Word A4, con un tama\u00f1o de letra tipo Arial, tama\u00f1o 12, interlineado sencillo.<\/p>\n<p>Para establecer un orden de lectura se sugiere una inscripci\u00f3n previa, que se realizar\u00e1 en nuestra secretar\u00eda. Los textos se pueden enviar por mail a sociedaditalianasanpedro@gmail.com o entregar personalmente en la secretar\u00eda, Mitre 861 de lunes a viernes de 9 a 12 y de 16 a 20 hs.<\/p>\n","protected":false},"excerpt":{"rendered":"<p>La Sociedad Italiana de San Pedro organiza su 1\u00ba Encuentro literario \u201cMirada de mujer\u201d, que se llevar\u00e1 a cabo en marzo, en el marco del \u201cD\u00eda Internacional de la Mujer\u201d. Los textos estar\u00e1n referidos a la mujer, pero su tratamiento y\/o tem\u00e1tica ser\u00e1 libre. Se podr\u00e1 participar con escritos en diferentes g\u00e9neros: cuento, relato, poes\u00eda, [&hellip;]<\/p>\n","protected":false},"author":4,"featured_media":14123,"comment_status":"open","ping_status":"closed","sticky":false,"template":"","format":"standard","meta":{"om_disable_all_campaigns":false,"_jetpack_memberships_contains_paid_content":false,"footnotes":""},"categories":[101,2],"tags":[],"class_list":["post-14122","post","type-post","status-publish","format-standard","has-post-thumbnail","hentry","category-interes-general-locales","category-locales"],"aioseo_notices":[],"gutentor_comment":0,"jetpack_featured_media_url":"https:\/\/eldiariodesanpedro.com.ar\/sitio\/wp-content\/uploads\/2017\/02\/Sociedad-Italiana.jpg","jetpack_shortlink":"https:\/\/wp.me\/p6RhLt-3FM","jetpack_sharing_enabled":true,"_links":{"self":[{"href":"https:\/\/eldiariodesanpedro.com.ar\/sitio\/wp-json\/wp\/v2\/posts\/14122","targetHints":{"allow":["GET"]}}],"collection":[{"href":"https:\/\/eldiariodesanpedro.com.ar\/sitio\/wp-json\/wp\/v2\/posts"}],"about":[{"href":"https:\/\/eldiariodesanpedro.com.ar\/sitio\/wp-json\/wp\/v2\/types\/post"}],"author":[{"embeddable":true,"href":"https:\/\/eldiariodesanpedro.com.ar\/sitio\/wp-json\/wp\/v2\/users\/4"}],"replies":[{"embeddable":true,"href":"https:\/\/eldiariodesanpedro.com.ar\/sitio\/wp-json\/wp\/v2\/comments?post=14122"}],"version-history":[{"count":1,"href":"https:\/\/eldiariodesanpedro.com.ar\/sitio\/wp-json\/wp\/v2\/posts\/14122\/revisions"}],"predecessor-version":[{"id":14124,"href":"https:\/\/eldiariodesanpedro.com.ar\/sitio\/wp-json\/wp\/v2\/posts\/14122\/revisions\/14124"}],"wp:featuredmedia":[{"embeddable":true,"href":"https:\/\/eldiariodesanpedro.com.ar\/sitio\/wp-json\/wp\/v2\/media\/14123"}],"wp:attachment":[{"href":"https:\/\/eldiariodesanpedro.com.ar\/sitio\/wp-json\/wp\/v2\/media?parent=14122"}],"wp:term":[{"taxonomy":"category","embeddable":true,"href":"https:\/\/eldiariodesanpedro.com.ar\/sitio\/wp-json\/wp\/v2\/categories?post=14122"},{"taxonomy":"post_tag","embeddable":true,"href":"https:\/\/eldiariodesanpedro.com.ar\/sitio\/wp-json\/wp\/v2\/tags?post=14122"}],"curies":[{"name":"wp","href":"https:\/\/api.w.org\/{rel}","templated":true}]}}