{"id":141153,"date":"2025-06-17T19:41:22","date_gmt":"2025-06-17T22:41:22","guid":{"rendered":"https:\/\/eldiariodesanpedro.com.ar\/sitio\/?p=141153"},"modified":"2025-06-17T19:41:26","modified_gmt":"2025-06-17T22:41:26","slug":"edicto-de-nestor-jose-castelli-de-cementerio-de-baradero","status":"publish","type":"post","link":"https:\/\/eldiariodesanpedro.com.ar\/sitio\/edicto-de-nestor-jose-castelli-de-cementerio-de-baradero\/","title":{"rendered":"Edicto de N\u00e9stor Jos\u00e9 Castelli de cementerio de Baradero"},"content":{"rendered":"<!-- VideographyWP Plugin Message: Automatic video embedding prevented by plugin options. -->\n\n<p class=\"has-text-align-right\">Baradero. 22 de mayo de 2025.-<\/p>\n\n\n\n<p class=\"has-text-align-center\">EDICTO<\/p>\n\n\n\n<p>-MUNICIPALIDAD DE BARADERO cita y emplaza por treinta (30) d\u00edas a quienes se consideren con derecho sobre el lote ubicado en la Secci\u00f3n JKL Lote 46 cuya titularidad figura a nombre del Sr. N\u00e9stor Jos\u00e9 CASTELLI seg\u00fan consta en el Libro 20, Folio 50 del Cementerio Local.-<\/p>\n\n\n\n<p>ELIANA DOLCEMELO<br>ABOGADA<\/p>\n\n\n\n<p>(Publicaci\u00f3n v\u00e1lida para el d\u00eda 17 y 18 de junio de 2025)<\/p>\n","protected":false},"excerpt":{"rendered":"<p>Baradero. 22 de mayo de 2025.- EDICTO -MUNICIPALIDAD DE BARADERO cita y emplaza por treinta (30) d\u00edas a quienes se consideren con derecho sobre el lote ubicado en la Secci\u00f3n JKL Lote 46 cuya titularidad figura a nombre del Sr. N\u00e9stor Jos\u00e9 CASTELLI seg\u00fan consta en el Libro 20, Folio 50 del Cementerio Local.- ELIANA [&hellip;]<\/p>\n","protected":false},"author":4,"featured_media":102746,"comment_status":"closed","ping_status":"closed","sticky":false,"template":"","format":"standard","meta":{"om_disable_all_campaigns":false,"_jetpack_memberships_contains_paid_content":false,"footnotes":""},"categories":[676,1124],"tags":[],"class_list":["post-141153","post","type-post","status-publish","format-standard","has-post-thumbnail","hentry","category-edictos","category-edictos-especiales"],"aioseo_notices":[],"gutentor_comment":0,"jetpack_featured_media_url":"https:\/\/eldiariodesanpedro.com.ar\/sitio\/wp-content\/uploads\/2022\/01\/EDICTO.jpg","jetpack_shortlink":"https:\/\/wp.me\/p6RhLt-AIF","jetpack_sharing_enabled":true,"_links":{"self":[{"href":"https:\/\/eldiariodesanpedro.com.ar\/sitio\/wp-json\/wp\/v2\/posts\/141153","targetHints":{"allow":["GET"]}}],"collection":[{"href":"https:\/\/eldiariodesanpedro.com.ar\/sitio\/wp-json\/wp\/v2\/posts"}],"about":[{"href":"https:\/\/eldiariodesanpedro.com.ar\/sitio\/wp-json\/wp\/v2\/types\/post"}],"author":[{"embeddable":true,"href":"https:\/\/eldiariodesanpedro.com.ar\/sitio\/wp-json\/wp\/v2\/users\/4"}],"replies":[{"embeddable":true,"href":"https:\/\/eldiariodesanpedro.com.ar\/sitio\/wp-json\/wp\/v2\/comments?post=141153"}],"version-history":[{"count":1,"href":"https:\/\/eldiariodesanpedro.com.ar\/sitio\/wp-json\/wp\/v2\/posts\/141153\/revisions"}],"predecessor-version":[{"id":141154,"href":"https:\/\/eldiariodesanpedro.com.ar\/sitio\/wp-json\/wp\/v2\/posts\/141153\/revisions\/141154"}],"wp:featuredmedia":[{"embeddable":true,"href":"https:\/\/eldiariodesanpedro.com.ar\/sitio\/wp-json\/wp\/v2\/media\/102746"}],"wp:attachment":[{"href":"https:\/\/eldiariodesanpedro.com.ar\/sitio\/wp-json\/wp\/v2\/media?parent=141153"}],"wp:term":[{"taxonomy":"category","embeddable":true,"href":"https:\/\/eldiariodesanpedro.com.ar\/sitio\/wp-json\/wp\/v2\/categories?post=141153"},{"taxonomy":"post_tag","embeddable":true,"href":"https:\/\/eldiariodesanpedro.com.ar\/sitio\/wp-json\/wp\/v2\/tags?post=141153"}],"curies":[{"name":"wp","href":"https:\/\/api.w.org\/{rel}","templated":true}]}}