{"id":14108,"date":"2017-02-05T21:22:26","date_gmt":"2017-02-06T00:22:26","guid":{"rendered":"https:\/\/eldiariodesanpedro.com.ar\/sitio\/?p=14108"},"modified":"2026-01-24T00:31:06","modified_gmt":"2026-01-24T03:31:06","slug":"canotaje-melina-sanchez-convocada-a-la-seleccion-nacional","status":"publish","type":"post","link":"https:\/\/eldiariodesanpedro.com.ar\/sitio\/canotaje-melina-sanchez-convocada-a-la-seleccion-nacional\/","title":{"rendered":"CANOTAJE: Melina S\u00e1nchez convocada a la selecci\u00f3n nacional"},"content":{"rendered":"<p><!-- VideographyWP Plugin Message: Automatic video embedding prevented by plugin options. --><br \/>\nLa deportista del Club N\u00e1utico San Pedro, Melina S\u00e1nchez se suma al excelente n\u00famero de representantes del canotaje celeste que se alistan para competencias internacionales de m\u00e1ximo nivel. Melina acaba de ser convocada para entrenar con el equipo nacional Junior en Concepci\u00f3n del Uruguay entre los d\u00edas 6 al 18 de febrero. En este per\u00edodo ser\u00e1 parte de una preselecci\u00f3n con la que se conformar\u00e1n las delegaciones argentinas que viajar\u00e1n a los torneos m\u00e1s importantes.<\/p>\n","protected":false},"excerpt":{"rendered":"<p>La deportista del Club N\u00e1utico San Pedro, Melina S\u00e1nchez se suma al excelente n\u00famero de representantes del canotaje celeste que se alistan para competencias internacionales de m\u00e1ximo nivel. Melina acaba de ser convocada para entrenar con el equipo nacional Junior en Concepci\u00f3n del Uruguay entre los d\u00edas 6 al 18 de febrero. En este per\u00edodo [&hellip;]<\/p>\n","protected":false},"author":4,"featured_media":14111,"comment_status":"open","ping_status":"closed","sticky":false,"template":"","format":"standard","meta":{"om_disable_all_campaigns":false,"_jetpack_memberships_contains_paid_content":false,"footnotes":""},"categories":[5],"tags":[],"class_list":["post-14108","post","type-post","status-publish","format-standard","has-post-thumbnail","hentry","category-deportes"],"aioseo_notices":[],"gutentor_comment":0,"jetpack_featured_media_url":"https:\/\/eldiariodesanpedro.com.ar\/sitio\/wp-content\/uploads\/2017\/02\/Melina-otra-extraordinaria-deportista-que-nos-representa.-.jpg","jetpack_shortlink":"https:\/\/wp.me\/p6RhLt-3Fy","jetpack_sharing_enabled":true,"_links":{"self":[{"href":"https:\/\/eldiariodesanpedro.com.ar\/sitio\/wp-json\/wp\/v2\/posts\/14108","targetHints":{"allow":["GET"]}}],"collection":[{"href":"https:\/\/eldiariodesanpedro.com.ar\/sitio\/wp-json\/wp\/v2\/posts"}],"about":[{"href":"https:\/\/eldiariodesanpedro.com.ar\/sitio\/wp-json\/wp\/v2\/types\/post"}],"author":[{"embeddable":true,"href":"https:\/\/eldiariodesanpedro.com.ar\/sitio\/wp-json\/wp\/v2\/users\/4"}],"replies":[{"embeddable":true,"href":"https:\/\/eldiariodesanpedro.com.ar\/sitio\/wp-json\/wp\/v2\/comments?post=14108"}],"version-history":[{"count":1,"href":"https:\/\/eldiariodesanpedro.com.ar\/sitio\/wp-json\/wp\/v2\/posts\/14108\/revisions"}],"predecessor-version":[{"id":14112,"href":"https:\/\/eldiariodesanpedro.com.ar\/sitio\/wp-json\/wp\/v2\/posts\/14108\/revisions\/14112"}],"wp:featuredmedia":[{"embeddable":true,"href":"https:\/\/eldiariodesanpedro.com.ar\/sitio\/wp-json\/wp\/v2\/media\/14111"}],"wp:attachment":[{"href":"https:\/\/eldiariodesanpedro.com.ar\/sitio\/wp-json\/wp\/v2\/media?parent=14108"}],"wp:term":[{"taxonomy":"category","embeddable":true,"href":"https:\/\/eldiariodesanpedro.com.ar\/sitio\/wp-json\/wp\/v2\/categories?post=14108"},{"taxonomy":"post_tag","embeddable":true,"href":"https:\/\/eldiariodesanpedro.com.ar\/sitio\/wp-json\/wp\/v2\/tags?post=14108"}],"curies":[{"name":"wp","href":"https:\/\/api.w.org\/{rel}","templated":true}]}}