{"id":14105,"date":"2017-02-05T21:17:39","date_gmt":"2017-02-06T00:17:39","guid":{"rendered":"https:\/\/eldiariodesanpedro.com.ar\/sitio\/?p=14105"},"modified":"2026-01-24T00:31:07","modified_gmt":"2026-01-24T03:31:07","slug":"boxeo-kevin-espindola-viajara-a-cuba-con-el-equipo-argentino-los-condores","status":"publish","type":"post","link":"https:\/\/eldiariodesanpedro.com.ar\/sitio\/boxeo-kevin-espindola-viajara-a-cuba-con-el-equipo-argentino-los-condores\/","title":{"rendered":"BOXEO: Kevin Esp\u00edndola viajar\u00e1 a Cuba con el equipo argentino \u201cLos C\u00f3ndores\u201d"},"content":{"rendered":"<p><!-- VideographyWP Plugin Message: Automatic video embedding prevented by plugin options. --><br \/>\nLos C\u00f3ndores debutaron ante la franquicia colombiana en la sexta participaci\u00f3n en la Liga Mundial de Boxeo o Word Series Boxing. No le fue bien al equipo nacional ya que en el global fue derrota 4-1, solo Rom\u00e1n S\u00e1nchez obtuvo el triunfo en el estadio porte\u00f1o de la FAB.<\/p>\n<p>Los elegidos por el capit\u00e1n Julio Garc\u00eda para arrancar la ilusi\u00f3n fueron el ol\u00edmpico Leandro Blanc (49kg), El\u00edas Gonz\u00e1lez (56kg), Ronan S\u00e1nchez (64kg), Joaqu\u00edn Lingua (75kg) y Franco C\u00f3ceres (91kg). Ellos no pudieron con sus rivales y perdieron por 4-1.<\/p>\n<p>Argentina integra el Grupo A con los Domadores (Cuba), los Caciques (Venezuela) y los Heroicos (Colombia). El formato es id\u00e9ntico al del a\u00f1o pasado, es decir que el elenco que suma m\u00e1s victorias en la noche de cinco combates se quedar\u00e1 con los tres puntos. <\/p>\n<p>Kevin Esp\u00edndola ser\u00e1 parte de la delegaci\u00f3n de Argentina que nos representar\u00e1 en Cuba pr\u00f3ximamente en la segunda fecha del mundial en la categor\u00eda +91. Ya particip\u00f3 el a\u00f1o anterior, obteniendo en el estadio argentino un triunfo sobre el peleador de Venezuela, equipo que luego se consagr\u00f3 campe\u00f3n del certamen. Debido a esa actuaci\u00f3n, Julio garc\u00eda lo vuelve a convocar para la cat. Pesado.<\/p>\n","protected":false},"excerpt":{"rendered":"<p>Los C\u00f3ndores debutaron ante la franquicia colombiana en la sexta participaci\u00f3n en la Liga Mundial de Boxeo o Word Series Boxing. No le fue bien al equipo nacional ya que en el global fue derrota 4-1, solo Rom\u00e1n S\u00e1nchez obtuvo el triunfo en el estadio porte\u00f1o de la FAB. Los elegidos por el capit\u00e1n Julio [&hellip;]<\/p>\n","protected":false},"author":4,"featured_media":14106,"comment_status":"open","ping_status":"closed","sticky":false,"template":"","format":"standard","meta":{"om_disable_all_campaigns":false,"_jetpack_memberships_contains_paid_content":false,"footnotes":""},"categories":[5],"tags":[],"class_list":["post-14105","post","type-post","status-publish","format-standard","has-post-thumbnail","hentry","category-deportes"],"aioseo_notices":[],"gutentor_comment":0,"jetpack_featured_media_url":"https:\/\/eldiariodesanpedro.com.ar\/sitio\/wp-content\/uploads\/2017\/02\/Kevin-en-2016-con-los-brazos-en-alto-en-la-FAB..jpg","jetpack_shortlink":"https:\/\/wp.me\/p6RhLt-3Fv","jetpack_sharing_enabled":true,"_links":{"self":[{"href":"https:\/\/eldiariodesanpedro.com.ar\/sitio\/wp-json\/wp\/v2\/posts\/14105","targetHints":{"allow":["GET"]}}],"collection":[{"href":"https:\/\/eldiariodesanpedro.com.ar\/sitio\/wp-json\/wp\/v2\/posts"}],"about":[{"href":"https:\/\/eldiariodesanpedro.com.ar\/sitio\/wp-json\/wp\/v2\/types\/post"}],"author":[{"embeddable":true,"href":"https:\/\/eldiariodesanpedro.com.ar\/sitio\/wp-json\/wp\/v2\/users\/4"}],"replies":[{"embeddable":true,"href":"https:\/\/eldiariodesanpedro.com.ar\/sitio\/wp-json\/wp\/v2\/comments?post=14105"}],"version-history":[{"count":1,"href":"https:\/\/eldiariodesanpedro.com.ar\/sitio\/wp-json\/wp\/v2\/posts\/14105\/revisions"}],"predecessor-version":[{"id":14107,"href":"https:\/\/eldiariodesanpedro.com.ar\/sitio\/wp-json\/wp\/v2\/posts\/14105\/revisions\/14107"}],"wp:featuredmedia":[{"embeddable":true,"href":"https:\/\/eldiariodesanpedro.com.ar\/sitio\/wp-json\/wp\/v2\/media\/14106"}],"wp:attachment":[{"href":"https:\/\/eldiariodesanpedro.com.ar\/sitio\/wp-json\/wp\/v2\/media?parent=14105"}],"wp:term":[{"taxonomy":"category","embeddable":true,"href":"https:\/\/eldiariodesanpedro.com.ar\/sitio\/wp-json\/wp\/v2\/categories?post=14105"},{"taxonomy":"post_tag","embeddable":true,"href":"https:\/\/eldiariodesanpedro.com.ar\/sitio\/wp-json\/wp\/v2\/tags?post=14105"}],"curies":[{"name":"wp","href":"https:\/\/api.w.org\/{rel}","templated":true}]}}