{"id":14098,"date":"2017-02-05T21:13:07","date_gmt":"2017-02-06T00:13:07","guid":{"rendered":"https:\/\/eldiariodesanpedro.com.ar\/sitio\/?p=14098"},"modified":"2026-01-24T00:31:07","modified_gmt":"2026-01-24T03:31:07","slug":"el-jugador-tomas-oneto-integra-el-plantel-profesional-en-talleres-de-cordoba","status":"publish","type":"post","link":"https:\/\/eldiariodesanpedro.com.ar\/sitio\/el-jugador-tomas-oneto-integra-el-plantel-profesional-en-talleres-de-cordoba\/","title":{"rendered":"El jugador Tom\u00e1s Oneto integra el plantel profesional en Talleres de C\u00f3rdoba"},"content":{"rendered":"<p><!-- VideographyWP Plugin Message: Automatic video embedding prevented by plugin options. --><br \/>\nEl sampedrino, nacido en Pueblo Doyle, Tom\u00e1s Oneto, es parte del plantel profesional de la entidad de \u00abBarrio Jard\u00edn\u00bb seg\u00fan se pudo ver en la p\u00e1gina El Cl\u00e1sico. Oneto lucir\u00e1 la camiseta n\u00b0 24 cuando sea convocado por el t\u00e9cnico. Mientras tanto juega en la reserva, plantel que se encuentra quinto en el torneo de AFA.<\/p>\n<p>El defensor, categor\u00eda 1998, jug\u00f3 en el club Mitre, desde las infantiles (previo paso por Paran\u00e1), escalando a\u00f1o a a\u00f1o las divisiones hasta llegar a primera divisi\u00f3n y con solo 14 a\u00f1os ya integraba el plantel de primera del rojo. Fue parte del seleccionado sub 17 campe\u00f3n del certamen regional y luego jug\u00f3 el Nacional en Salta. <\/p>\n<p>Oneto mide 1.85 mts, naci\u00f3 el 14 de febrero de 1998 y pesa 78 kilos. Se desempe\u00f1a como defensor, jugando la temporada pasada  en reserva, leugo de haber realizado pretemporada con el plantel superior a mitad de 2015. Este a\u00f1o lo tendr\u00e1 como uno de los juveniles de m\u00e1s proyecci\u00f3n en el equipo cordob\u00e9s. <\/p>\n","protected":false},"excerpt":{"rendered":"<p>El sampedrino, nacido en Pueblo Doyle, Tom\u00e1s Oneto, es parte del plantel profesional de la entidad de \u00abBarrio Jard\u00edn\u00bb seg\u00fan se pudo ver en la p\u00e1gina El Cl\u00e1sico. Oneto lucir\u00e1 la camiseta n\u00b0 24 cuando sea convocado por el t\u00e9cnico. Mientras tanto juega en la reserva, plantel que se encuentra quinto en el torneo de [&hellip;]<\/p>\n","protected":false},"author":4,"featured_media":14101,"comment_status":"open","ping_status":"closed","sticky":false,"template":"","format":"standard","meta":{"om_disable_all_campaigns":false,"_jetpack_memberships_contains_paid_content":false,"footnotes":""},"categories":[5],"tags":[],"class_list":["post-14098","post","type-post","status-publish","format-standard","has-post-thumbnail","hentry","category-deportes"],"aioseo_notices":[],"gutentor_comment":0,"jetpack_featured_media_url":"https:\/\/eldiariodesanpedro.com.ar\/sitio\/wp-content\/uploads\/2017\/02\/Oneto-con-la-camiseta-de-Talleres.-Un-orgullo-para-los-sampedrinos.jpg","jetpack_shortlink":"https:\/\/wp.me\/p6RhLt-3Fo","jetpack_sharing_enabled":true,"_links":{"self":[{"href":"https:\/\/eldiariodesanpedro.com.ar\/sitio\/wp-json\/wp\/v2\/posts\/14098","targetHints":{"allow":["GET"]}}],"collection":[{"href":"https:\/\/eldiariodesanpedro.com.ar\/sitio\/wp-json\/wp\/v2\/posts"}],"about":[{"href":"https:\/\/eldiariodesanpedro.com.ar\/sitio\/wp-json\/wp\/v2\/types\/post"}],"author":[{"embeddable":true,"href":"https:\/\/eldiariodesanpedro.com.ar\/sitio\/wp-json\/wp\/v2\/users\/4"}],"replies":[{"embeddable":true,"href":"https:\/\/eldiariodesanpedro.com.ar\/sitio\/wp-json\/wp\/v2\/comments?post=14098"}],"version-history":[{"count":1,"href":"https:\/\/eldiariodesanpedro.com.ar\/sitio\/wp-json\/wp\/v2\/posts\/14098\/revisions"}],"predecessor-version":[{"id":14100,"href":"https:\/\/eldiariodesanpedro.com.ar\/sitio\/wp-json\/wp\/v2\/posts\/14098\/revisions\/14100"}],"wp:featuredmedia":[{"embeddable":true,"href":"https:\/\/eldiariodesanpedro.com.ar\/sitio\/wp-json\/wp\/v2\/media\/14101"}],"wp:attachment":[{"href":"https:\/\/eldiariodesanpedro.com.ar\/sitio\/wp-json\/wp\/v2\/media?parent=14098"}],"wp:term":[{"taxonomy":"category","embeddable":true,"href":"https:\/\/eldiariodesanpedro.com.ar\/sitio\/wp-json\/wp\/v2\/categories?post=14098"},{"taxonomy":"post_tag","embeddable":true,"href":"https:\/\/eldiariodesanpedro.com.ar\/sitio\/wp-json\/wp\/v2\/tags?post=14098"}],"curies":[{"name":"wp","href":"https:\/\/api.w.org\/{rel}","templated":true}]}}