{"id":14092,"date":"2017-02-05T20:55:33","date_gmt":"2017-02-05T23:55:33","guid":{"rendered":"https:\/\/eldiariodesanpedro.com.ar\/sitio\/?p=14092"},"modified":"2017-02-05T20:55:33","modified_gmt":"2017-02-05T23:55:33","slug":"poletti-sobre-la-audiencia-publica-hubiera-sido-bueno-tambien-para-la-comunidad-poder-escuchar-a-quienes-van-a-desarrollar-ese-proyecto","status":"publish","type":"post","link":"https:\/\/eldiariodesanpedro.com.ar\/sitio\/poletti-sobre-la-audiencia-publica-hubiera-sido-bueno-tambien-para-la-comunidad-poder-escuchar-a-quienes-van-a-desarrollar-ese-proyecto\/","title":{"rendered":"Poletti sobre la Audiencia P\u00fablica: \u201cHubiera sido bueno tambi\u00e9n para la comunidad poder escuchar a quienes van a desarrollar ese proyecto\u201d"},"content":{"rendered":"<p><!-- VideographyWP Plugin Message: Automatic video embedding prevented by plugin options. --><br \/>\nEl Intendente estuvo presente en las dos noches que dur\u00f3 este nuevo espacio de participaci\u00f3n ciudadana. Lament\u00f3 la ausencia de Misiano y aclar\u00f3 que no le parece \u00e9tica la postura de que sea uno de sus socios el encargado de hacer el estudio de impacto integral. Tambi\u00e9n dio un adelanto de la discusi\u00f3n salarial que se viene con los estatales, se refiri\u00f3 a la ordenanza de pirotecnia, critic\u00f3 a la oposici\u00f3n y reiter\u00f3 la necesidad de generar un nuevo espacio industrial.<\/p>\n<p>El jefe comunal se mostr\u00f3 conforme con el saldo de la Audiencia P\u00fablica. \u201cBusc\u00e1bamos la participaci\u00f3n ciudadana y garantizar el acceso a la informaci\u00f3n por parte de los vecinos; creo que los dos objetivos se cumplieron. Despu\u00e9s, cada una sacar\u00e1 sus conclusiones\u201d. Respecto a la ausencia de los responsables del proyecto del puerto, dijo que \u201chubiera sido bueno tambi\u00e9n para la comunidad poder escuchar a quienes van a desarrollar ese proyecto\u201d. Si bien la mayor\u00eda de las voces que se oyeron en la doble jornada de la Audiencia P\u00fablica, expresaron posiciones contrarias al desarrollo del emprendimiento en la zona costera, Poletti aclar\u00f3 que esto no es definitivo. \u201cEn la segunda jornada, alg\u00fan sector dec\u00eda que por amplia mayor\u00eda hab\u00eda ganado la posici\u00f3n de ellos y que era lo que se ten\u00eda que adoptar. La verdad que esto no es tan as\u00ed\u201d. Y aclar\u00f3 cu\u00e1les son los pasos siguientes. \u201cAhora viene una etapa de discusi\u00f3n, de tratamiento y de tomar una decisi\u00f3n en el Concejo Deliberante\u201d.<\/p>\n<p> En la charla con radio Meta, explic\u00f3 la decisi\u00f3n de promover una nueva zona industrial. Esta posibilidad est\u00e1 \u00edntimamente vinculada con otro de los proyectos que se discutieron en la Audiencia P\u00fablica, como es el de la instalaci\u00f3n de la empresa Moviport cerca del acceso a Villa Ramallo. \u201cEl ejecutivo municipal y los concejales,  hemos tomado la decisi\u00f3n de generar un cord\u00f3n industrial, desde la ruta 51 hasta Villa General Savio, para que le permita a una localidad como Villa Ramallo tener la posibilidad de contar con establecimientos comerciales y algunas industrias que se radiquen sobre la autopista. Porque vemos, a pesar del esfuerzo, que el 80% de las personas que trabajan en Comirsa, son de San Nicol\u00e1s. Tenemos una situaci\u00f3n desfavorable. Nosotros le  inculcamos a las empresas que tomen gente de Ramallo. En el frigor\u00edfico de pollos, la mayor\u00eda es de ac\u00e1. Pretendemos que las 250 personas que va a incorporar el laboratorio, tambi\u00e9n sean de Ramallo. Ser\u00edn (empresa del Parque Comirsa), est\u00e1 tomando entrevistas para que  tambi\u00e9n sean de ac\u00e1. Pero los empleados de las empresas que se instalaron en todos estos a\u00f1os, la mayor\u00eda son de San Nicol\u00e1s. Si tenemos una situaci\u00f3n desfavorable en Comirsa y tenemos inconvenientes para que se radiquen en la costa, en algun lugar tenemos que plantear una salida de desarrollo para que la gente pueda trabajar\u201d. (www.metafm.com.ar)<\/p>\n","protected":false},"excerpt":{"rendered":"<p>El Intendente estuvo presente en las dos noches que dur\u00f3 este nuevo espacio de participaci\u00f3n ciudadana. Lament\u00f3 la ausencia de Misiano y aclar\u00f3 que no le parece \u00e9tica la postura de que sea uno de sus socios el encargado de hacer el estudio de impacto integral. Tambi\u00e9n dio un adelanto de la discusi\u00f3n salarial que [&hellip;]<\/p>\n","protected":false},"author":4,"featured_media":14093,"comment_status":"open","ping_status":"closed","sticky":false,"template":"","format":"standard","meta":{"om_disable_all_campaigns":false,"_jetpack_memberships_contains_paid_content":false,"footnotes":""},"categories":[621],"tags":[],"class_list":["post-14092","post","type-post","status-publish","format-standard","has-post-thumbnail","hentry","category-regionales"],"aioseo_notices":[],"gutentor_comment":0,"jetpack_featured_media_url":"https:\/\/eldiariodesanpedro.com.ar\/sitio\/wp-content\/uploads\/2017\/02\/Mauro-Poletti.jpg","jetpack_shortlink":"https:\/\/wp.me\/p6RhLt-3Fi","jetpack_sharing_enabled":true,"_links":{"self":[{"href":"https:\/\/eldiariodesanpedro.com.ar\/sitio\/wp-json\/wp\/v2\/posts\/14092","targetHints":{"allow":["GET"]}}],"collection":[{"href":"https:\/\/eldiariodesanpedro.com.ar\/sitio\/wp-json\/wp\/v2\/posts"}],"about":[{"href":"https:\/\/eldiariodesanpedro.com.ar\/sitio\/wp-json\/wp\/v2\/types\/post"}],"author":[{"embeddable":true,"href":"https:\/\/eldiariodesanpedro.com.ar\/sitio\/wp-json\/wp\/v2\/users\/4"}],"replies":[{"embeddable":true,"href":"https:\/\/eldiariodesanpedro.com.ar\/sitio\/wp-json\/wp\/v2\/comments?post=14092"}],"version-history":[{"count":1,"href":"https:\/\/eldiariodesanpedro.com.ar\/sitio\/wp-json\/wp\/v2\/posts\/14092\/revisions"}],"predecessor-version":[{"id":14094,"href":"https:\/\/eldiariodesanpedro.com.ar\/sitio\/wp-json\/wp\/v2\/posts\/14092\/revisions\/14094"}],"wp:featuredmedia":[{"embeddable":true,"href":"https:\/\/eldiariodesanpedro.com.ar\/sitio\/wp-json\/wp\/v2\/media\/14093"}],"wp:attachment":[{"href":"https:\/\/eldiariodesanpedro.com.ar\/sitio\/wp-json\/wp\/v2\/media?parent=14092"}],"wp:term":[{"taxonomy":"category","embeddable":true,"href":"https:\/\/eldiariodesanpedro.com.ar\/sitio\/wp-json\/wp\/v2\/categories?post=14092"},{"taxonomy":"post_tag","embeddable":true,"href":"https:\/\/eldiariodesanpedro.com.ar\/sitio\/wp-json\/wp\/v2\/tags?post=14092"}],"curies":[{"name":"wp","href":"https:\/\/api.w.org\/{rel}","templated":true}]}}