{"id":14088,"date":"2017-02-05T20:52:08","date_gmt":"2017-02-05T23:52:08","guid":{"rendered":"https:\/\/eldiariodesanpedro.com.ar\/sitio\/?p=14088"},"modified":"2017-02-05T20:52:08","modified_gmt":"2017-02-05T23:52:08","slug":"bennazar-en-la-celebracion-de-came","status":"publish","type":"post","link":"https:\/\/eldiariodesanpedro.com.ar\/sitio\/bennazar-en-la-celebracion-de-came\/","title":{"rendered":"Bennazar en la celebraci\u00f3n de CAME"},"content":{"rendered":"<p><!-- VideographyWP Plugin Message: Automatic video embedding prevented by plugin options. --><br \/>\nEste jueves fue d\u00eda de celebraci\u00f3n en CAME, Confederaci\u00f3n Argentina de la Mediana Empresa con motivo del cumplea\u00f1os de su presidente, Osvaldo Cornide. All\u00ed estuvo la CIA, representada por su presidente, el sampedrino Alejandro Juan Bennazar que forma parte del directorio de esta instituci\u00f3n con sede en la calle Alem, lugar donde se realiz\u00f3 el agasajo.<\/p>\n<p>M\u00e1s de 200 dirigentes empresarios de todo el pa\u00eds de industria, comercio, servicios, econom\u00edas regionales, turismo, j\u00f3venes y mujeres empresarias estuvieron presentes. Adem\u00e1s de diputados, intendentes, senadores e incluso el Ministro de Trabajo, Jorge Triaca.<\/p>\n<p>En el festejo estuvo tambi\u00e9n el director del Hospital de Ni\u00f1os Pedro de Elizalde (ex Casa Cuna), Norberto Garrote, quien recibi\u00f3 una donaci\u00f3n de $200 mil por parte del presidente de CAME que decidi\u00f3 que sus regalos se destinen con ese fin. Los invitados tambi\u00e9n tuvieron la oportunidad de hacer sus donaciones que fueron para el Hospital de Pediatr\u00eda \u201cProf. Dr. Juan P. Garrahan\u201d.<\/p>\n<p>Agradecemos a la Confederaci\u00f3n la invitaci\u00f3n, fue un momento muy ameno y nos permiti\u00f3 establecer v\u00ednculos m\u00e1s estrechos con representantes de otras entidades en pos de crear alianzas estrat\u00e9gicas que nos beneficien a todos los empresarios.<\/p>\n","protected":false},"excerpt":{"rendered":"<p>Este jueves fue d\u00eda de celebraci\u00f3n en CAME, Confederaci\u00f3n Argentina de la Mediana Empresa con motivo del cumplea\u00f1os de su presidente, Osvaldo Cornide. All\u00ed estuvo la CIA, representada por su presidente, el sampedrino Alejandro Juan Bennazar que forma parte del directorio de esta instituci\u00f3n con sede en la calle Alem, lugar donde se realiz\u00f3 el [&hellip;]<\/p>\n","protected":false},"author":4,"featured_media":14091,"comment_status":"open","ping_status":"closed","sticky":false,"template":"","format":"standard","meta":{"om_disable_all_campaigns":false,"_jetpack_memberships_contains_paid_content":false,"footnotes":""},"categories":[50,2,102],"tags":[],"class_list":["post-14088","post","type-post","status-publish","format-standard","has-post-thumbnail","hentry","category-destacadas","category-locales","category-politica-locales"],"aioseo_notices":[],"gutentor_comment":0,"jetpack_featured_media_url":"https:\/\/eldiariodesanpedro.com.ar\/sitio\/wp-content\/uploads\/2017\/02\/Bennazar-junto-a-Osvaldo-Cornide.jpg","jetpack_shortlink":"https:\/\/wp.me\/p6RhLt-3Fe","jetpack_sharing_enabled":true,"_links":{"self":[{"href":"https:\/\/eldiariodesanpedro.com.ar\/sitio\/wp-json\/wp\/v2\/posts\/14088","targetHints":{"allow":["GET"]}}],"collection":[{"href":"https:\/\/eldiariodesanpedro.com.ar\/sitio\/wp-json\/wp\/v2\/posts"}],"about":[{"href":"https:\/\/eldiariodesanpedro.com.ar\/sitio\/wp-json\/wp\/v2\/types\/post"}],"author":[{"embeddable":true,"href":"https:\/\/eldiariodesanpedro.com.ar\/sitio\/wp-json\/wp\/v2\/users\/4"}],"replies":[{"embeddable":true,"href":"https:\/\/eldiariodesanpedro.com.ar\/sitio\/wp-json\/wp\/v2\/comments?post=14088"}],"version-history":[{"count":1,"href":"https:\/\/eldiariodesanpedro.com.ar\/sitio\/wp-json\/wp\/v2\/posts\/14088\/revisions"}],"predecessor-version":[{"id":14090,"href":"https:\/\/eldiariodesanpedro.com.ar\/sitio\/wp-json\/wp\/v2\/posts\/14088\/revisions\/14090"}],"wp:featuredmedia":[{"embeddable":true,"href":"https:\/\/eldiariodesanpedro.com.ar\/sitio\/wp-json\/wp\/v2\/media\/14091"}],"wp:attachment":[{"href":"https:\/\/eldiariodesanpedro.com.ar\/sitio\/wp-json\/wp\/v2\/media?parent=14088"}],"wp:term":[{"taxonomy":"category","embeddable":true,"href":"https:\/\/eldiariodesanpedro.com.ar\/sitio\/wp-json\/wp\/v2\/categories?post=14088"},{"taxonomy":"post_tag","embeddable":true,"href":"https:\/\/eldiariodesanpedro.com.ar\/sitio\/wp-json\/wp\/v2\/tags?post=14088"}],"curies":[{"name":"wp","href":"https:\/\/api.w.org\/{rel}","templated":true}]}}