{"id":14085,"date":"2017-02-05T20:48:25","date_gmt":"2017-02-05T23:48:25","guid":{"rendered":"https:\/\/eldiariodesanpedro.com.ar\/sitio\/?p=14085"},"modified":"2017-02-05T20:48:25","modified_gmt":"2017-02-05T23:48:25","slug":"gobernador-castro-planificacion-de-actividades","status":"publish","type":"post","link":"https:\/\/eldiariodesanpedro.com.ar\/sitio\/gobernador-castro-planificacion-de-actividades\/","title":{"rendered":"Gobernador Castro: Planificaci\u00f3n de actividades"},"content":{"rendered":"<p><!-- VideographyWP Plugin Message: Automatic video embedding prevented by plugin options. --><br \/>\nLa Secretaria de Desarrollo Humano Karina Chiarella mantuvo un encuentro con el Delegado de Gobernador Castro \u00c1ngel \u00c1lvarez; la Directora del Hospital de la localidad Daniela Alves; la  Coordinadora del Programa Envi\u00f3n Lic. Silvina Chediak y profesionales de salud, Servicio Local y Envi\u00f3n.<\/p>\n<p>Juntos diagramaron un cronograma de actividades que incluir\u00e1n a ni\u00f1os, j\u00f3venes y adultos de Gobernador Castro. <\/p>\n","protected":false},"excerpt":{"rendered":"<p>La Secretaria de Desarrollo Humano Karina Chiarella mantuvo un encuentro con el Delegado de Gobernador Castro \u00c1ngel \u00c1lvarez; la Directora del Hospital de la localidad Daniela Alves; la Coordinadora del Programa Envi\u00f3n Lic. Silvina Chediak y profesionales de salud, Servicio Local y Envi\u00f3n. Juntos diagramaron un cronograma de actividades que incluir\u00e1n a ni\u00f1os, j\u00f3venes y [&hellip;]<\/p>\n","protected":false},"author":4,"featured_media":14086,"comment_status":"open","ping_status":"closed","sticky":false,"template":"","format":"standard","meta":{"om_disable_all_campaigns":false,"_jetpack_memberships_contains_paid_content":false,"footnotes":""},"categories":[101,2],"tags":[],"class_list":["post-14085","post","type-post","status-publish","format-standard","has-post-thumbnail","hentry","category-interes-general-locales","category-locales"],"aioseo_notices":[],"gutentor_comment":0,"jetpack_featured_media_url":"https:\/\/eldiariodesanpedro.com.ar\/sitio\/wp-content\/uploads\/2017\/02\/Las-actividades-comenzar\u00e1n-a-llevarlas-a-cabo-en-el-mes-de-marzo.jpg","jetpack_shortlink":"https:\/\/wp.me\/p6RhLt-3Fb","jetpack_sharing_enabled":true,"_links":{"self":[{"href":"https:\/\/eldiariodesanpedro.com.ar\/sitio\/wp-json\/wp\/v2\/posts\/14085","targetHints":{"allow":["GET"]}}],"collection":[{"href":"https:\/\/eldiariodesanpedro.com.ar\/sitio\/wp-json\/wp\/v2\/posts"}],"about":[{"href":"https:\/\/eldiariodesanpedro.com.ar\/sitio\/wp-json\/wp\/v2\/types\/post"}],"author":[{"embeddable":true,"href":"https:\/\/eldiariodesanpedro.com.ar\/sitio\/wp-json\/wp\/v2\/users\/4"}],"replies":[{"embeddable":true,"href":"https:\/\/eldiariodesanpedro.com.ar\/sitio\/wp-json\/wp\/v2\/comments?post=14085"}],"version-history":[{"count":1,"href":"https:\/\/eldiariodesanpedro.com.ar\/sitio\/wp-json\/wp\/v2\/posts\/14085\/revisions"}],"predecessor-version":[{"id":14087,"href":"https:\/\/eldiariodesanpedro.com.ar\/sitio\/wp-json\/wp\/v2\/posts\/14085\/revisions\/14087"}],"wp:featuredmedia":[{"embeddable":true,"href":"https:\/\/eldiariodesanpedro.com.ar\/sitio\/wp-json\/wp\/v2\/media\/14086"}],"wp:attachment":[{"href":"https:\/\/eldiariodesanpedro.com.ar\/sitio\/wp-json\/wp\/v2\/media?parent=14085"}],"wp:term":[{"taxonomy":"category","embeddable":true,"href":"https:\/\/eldiariodesanpedro.com.ar\/sitio\/wp-json\/wp\/v2\/categories?post=14085"},{"taxonomy":"post_tag","embeddable":true,"href":"https:\/\/eldiariodesanpedro.com.ar\/sitio\/wp-json\/wp\/v2\/tags?post=14085"}],"curies":[{"name":"wp","href":"https:\/\/api.w.org\/{rel}","templated":true}]}}