{"id":14082,"date":"2017-02-05T20:46:50","date_gmt":"2017-02-05T23:46:50","guid":{"rendered":"https:\/\/eldiariodesanpedro.com.ar\/sitio\/?p=14082"},"modified":"2017-02-05T20:46:50","modified_gmt":"2017-02-05T23:46:50","slug":"participaron-600-alumnos-en-el-predio-de-mansa-lyfe","status":"publish","type":"post","link":"https:\/\/eldiariodesanpedro.com.ar\/sitio\/participaron-600-alumnos-en-el-predio-de-mansa-lyfe\/","title":{"rendered":"Participaron 600 alumnos en el predio de Mansa Lyfe"},"content":{"rendered":"<p><!-- VideographyWP Plugin Message: Automatic video embedding prevented by plugin options. --><br \/>\nCon el predio de Mansa Lyfe como escenario, hubo espect\u00e1culo de magia, m\u00fasica, bailes, deportes y acceso al r\u00edo. El Intendente Cecilio Salazar acompa\u00f1ado por su Secretario de Legal y T\u00e9cnica Ram\u00f3n Salazar, participaron de la jornada.<\/p>\n<p>Las Escuelas de Verano comenzaron los primeros d\u00edas de enero. Este 2017 hubo varias sedes habilitadas para el desarrollo de actividades con cinco predios con acceso al agua: Estadio Municipal, Pesca y Casting; Mansa Lyfe; Pescadores y el Club Central C\u00f3rdoba de Santa Luc\u00eda.<\/p>\n<p>Durante las cuatro semanas los alumnos realizaron deportes, actividades recreativas y l\u00fadicas. <\/p>\n","protected":false},"excerpt":{"rendered":"<p>Con el predio de Mansa Lyfe como escenario, hubo espect\u00e1culo de magia, m\u00fasica, bailes, deportes y acceso al r\u00edo. El Intendente Cecilio Salazar acompa\u00f1ado por su Secretario de Legal y T\u00e9cnica Ram\u00f3n Salazar, participaron de la jornada. Las Escuelas de Verano comenzaron los primeros d\u00edas de enero. Este 2017 hubo varias sedes habilitadas para el [&hellip;]<\/p>\n","protected":false},"author":4,"featured_media":14083,"comment_status":"open","ping_status":"closed","sticky":false,"template":"","format":"standard","meta":{"om_disable_all_campaigns":false,"_jetpack_memberships_contains_paid_content":false,"footnotes":""},"categories":[101,2],"tags":[],"class_list":["post-14082","post","type-post","status-publish","format-standard","has-post-thumbnail","hentry","category-interes-general-locales","category-locales"],"aioseo_notices":[],"gutentor_comment":0,"jetpack_featured_media_url":"https:\/\/eldiariodesanpedro.com.ar\/sitio\/wp-content\/uploads\/2017\/02\/El-cierre-que-se-realiz\u00f3-en-Mansa-Lyfe.jpg","jetpack_shortlink":"https:\/\/wp.me\/p6RhLt-3F8","jetpack_sharing_enabled":true,"_links":{"self":[{"href":"https:\/\/eldiariodesanpedro.com.ar\/sitio\/wp-json\/wp\/v2\/posts\/14082","targetHints":{"allow":["GET"]}}],"collection":[{"href":"https:\/\/eldiariodesanpedro.com.ar\/sitio\/wp-json\/wp\/v2\/posts"}],"about":[{"href":"https:\/\/eldiariodesanpedro.com.ar\/sitio\/wp-json\/wp\/v2\/types\/post"}],"author":[{"embeddable":true,"href":"https:\/\/eldiariodesanpedro.com.ar\/sitio\/wp-json\/wp\/v2\/users\/4"}],"replies":[{"embeddable":true,"href":"https:\/\/eldiariodesanpedro.com.ar\/sitio\/wp-json\/wp\/v2\/comments?post=14082"}],"version-history":[{"count":1,"href":"https:\/\/eldiariodesanpedro.com.ar\/sitio\/wp-json\/wp\/v2\/posts\/14082\/revisions"}],"predecessor-version":[{"id":14084,"href":"https:\/\/eldiariodesanpedro.com.ar\/sitio\/wp-json\/wp\/v2\/posts\/14082\/revisions\/14084"}],"wp:featuredmedia":[{"embeddable":true,"href":"https:\/\/eldiariodesanpedro.com.ar\/sitio\/wp-json\/wp\/v2\/media\/14083"}],"wp:attachment":[{"href":"https:\/\/eldiariodesanpedro.com.ar\/sitio\/wp-json\/wp\/v2\/media?parent=14082"}],"wp:term":[{"taxonomy":"category","embeddable":true,"href":"https:\/\/eldiariodesanpedro.com.ar\/sitio\/wp-json\/wp\/v2\/categories?post=14082"},{"taxonomy":"post_tag","embeddable":true,"href":"https:\/\/eldiariodesanpedro.com.ar\/sitio\/wp-json\/wp\/v2\/tags?post=14082"}],"curies":[{"name":"wp","href":"https:\/\/api.w.org\/{rel}","templated":true}]}}