{"id":14078,"date":"2017-02-05T20:43:33","date_gmt":"2017-02-05T23:43:33","guid":{"rendered":"https:\/\/eldiariodesanpedro.com.ar\/sitio\/?p=14078"},"modified":"2017-02-05T20:43:33","modified_gmt":"2017-02-05T23:43:33","slug":"mugica-diaz-por-la-causa-narcotrafico-tenemos-30-dias-para-pedir-la-prision-preventiva","status":"publish","type":"post","link":"https:\/\/eldiariodesanpedro.com.ar\/sitio\/mugica-diaz-por-la-causa-narcotrafico-tenemos-30-dias-para-pedir-la-prision-preventiva\/","title":{"rendered":"M\u00fagica D\u00edaz por la causa \u00abnarcotr\u00e1fico\u00bb: \u201cTenemos 30 d\u00edas para pedir la prisi\u00f3n preventiva\u00bb"},"content":{"rendered":"<p><!-- VideographyWP Plugin Message: Automatic video embedding prevented by plugin options. --><br \/>\nEl Fiscal de esta importante causa donde se detuvo a Juan Carlos \u201cBomba\u201d Gallardo y su esposa Laura Quinteros, junto a otras cinco personas m\u00e1s, entre ellas dos sampedrinos, Oscar \u201cBrea\u201d Fern\u00e1ndez y Carola Austin, cont\u00f3  detalles de la investigaci\u00f3n y sobre la situaci\u00f3n de cada uno de los imputados.<\/p>\n<p>\u201cLa causa se comienza a investigar en el a\u00f1o 2014 y lleva m\u00e1s de 2 a\u00f1os\u201d pero \u201cse precipitaron las circunstancias y el d\u00eda 1\u00ba de febrero los principales implicados iban a recibir un cargamento de estupefacientes para luego revender, que es la actividad que nosotros entendemos que desplegaban, y r\u00e1pidamente decidimos llevar a cabo un procedimiento de interceptaci\u00f3n\u201dexplic\u00f3 M\u00fagica D\u00edaz a trav\u00e9s del programa \u201cEl C\u00edrculo\u201d de \u201cLa Radio 92.3\u201d.<\/p>\n<p>\u201cA posterioridad los 6 allanamientos en distintos domicilios, siendo positivas las aprehensiones que ya han sido convertidas en detenciones por el Juez de Garant\u00edas y una importante secuestro de marihuana en la entrada de Z\u00e1rate\u201d.<\/p>\n<p>En ese sentido sostuvo: \u201cHay que destacar el trabajo que hizo la gente de drogas il\u00edcitas del departamento policial de San Nicol\u00e1s. Pusieron la vida algunos funcionarios. Juan Carlos Gallardo una persona de una peligrosidad sabemos sus antecedentes\u201d, manifest\u00f3 el Fiscal.<\/p>\n<p>En ese sentido explic\u00f3: \u201cHubo una persecuci\u00f3n con disparos desde el lugar donde es interceptada la entrega del material\u201d por varios kil\u00f3metros en cercan\u00edas al \u201cpuente de la entrada de Z\u00e1rate\u201d. \u201cSe le pudo dar a un par de cubiertas y el veh\u00edculo circulaba a 180 kil\u00f3metros por hora, por suerte no hubo que lamentar ninguna v\u00edctima\u201d, relat\u00f3.<br \/>\n<strong><br \/>\nAllanamientos<\/strong><\/p>\n<p>En cuanto a la cantidad de allanamientos realizados dijo que hubo: \u201cDos en la ciudad de San Pedro, uno en la quinta de Vuelta de Obligado otro en el Paraje Tablas, otro en la localidad Suipacha y el \u00faltimo en la ciudad Aut\u00f3noma de Buenos Aires\u201d.<\/p>\n<p>De las \u201csiete personas que est\u00e1n detenidas, cinco de ellas se negaron a declarar, es un derecho que tienen constitucionalmente y dos de ellas los hicieron. Una fue Fern\u00e1ndez quien neg\u00f3 los hechos y la otra fue Austin\u201d, dijo el titular de la Fiscal\u00eda Tem\u00e1tica N\u00ba 1 en comercializaci\u00f3n de estupefacientes de San Nicol\u00e1s.<\/p>\n<p>Seguidamente M\u00fagica D\u00edaz, asever\u00f3: \u201cEs una causa que es muy voluminosa, tenemos como principales imputados a Gallardo y a su concubina Laura Quinteros, los dem\u00e1s formar\u00edan parte a nuestro entender de una organizaci\u00f3n que se dedica a la venta de estupefacientes\u201d. Y sobre ello especific\u00f3: \u201cLo que agarramos con la masa con las manos en la masa son, qui\u00e9n esperamos, Gallardo y Quinteros. Todos el resto de las detenciones fueron pedidas por qu\u00e9 con material que hay en la causa nosotros consideramos que tienen participaci\u00f3n en el delito de comercializaci\u00f3n de estupefacientes\u201d.<\/p>\n<p>Ahora \u201ctenemos 30 d\u00edas para pedir la prisi\u00f3n preventiva y sigue la causa de ah\u00ed hasta el Juicio Oral\u201d.<\/p>\n<p><strong>Polic\u00eda local<\/strong><\/p>\n<p>Hab\u00edamos adelantado que en el allanamiento realizado en lo de Fern\u00e1ndez hab\u00eda una mujer que pertenece a la Polic\u00eda Local y se dio participaci\u00f3n a Asuntos Internos del Ministerio de Seguridad. Sobre ello el Fiscal, dijo: \u201cHab\u00eda una joven, no s\u00e9 si pertenece a alguna fuerza sinceramente, que estaba en ese momento con \u00e9l y creemos que no tienen ning\u00fan tipo de vinculaci\u00f3n con la causa nunca estuvo aprendida\u201d.<\/p>\n<p><strong>Las car\u00e1tulas de la causas de cada uno de los imputados<\/strong><\/p>\n<p>Los delitos que se imputan las siete personas, son: \u201ccomercializaci\u00f3n de estupefacientes y se le agrega a Quinteros y Gallardo el de Tenencia de Estupefacientes con Fines de Comercializaci\u00f3n y a Gallardo en particular Tenencia de Arma de Guerra porque encontraron su domicilio de La Boca dos armas de guerra una pistola 9 mil\u00edmetros y otra Calibre 40\u201d, oficaliz\u00f3.<\/p>\n","protected":false},"excerpt":{"rendered":"<p>El Fiscal de esta importante causa donde se detuvo a Juan Carlos \u201cBomba\u201d Gallardo y su esposa Laura Quinteros, junto a otras cinco personas m\u00e1s, entre ellas dos sampedrinos, Oscar \u201cBrea\u201d Fern\u00e1ndez y Carola Austin, cont\u00f3 detalles de la investigaci\u00f3n y sobre la situaci\u00f3n de cada uno de los imputados. \u201cLa causa se comienza a [&hellip;]<\/p>\n","protected":false},"author":4,"featured_media":14080,"comment_status":"open","ping_status":"closed","sticky":false,"template":"","format":"standard","meta":{"om_disable_all_campaigns":false,"_jetpack_memberships_contains_paid_content":false,"footnotes":""},"categories":[50,2,103],"tags":[],"class_list":["post-14078","post","type-post","status-publish","format-standard","has-post-thumbnail","hentry","category-destacadas","category-locales","category-policiales-locales"],"aioseo_notices":[],"gutentor_comment":0,"jetpack_featured_media_url":"https:\/\/eldiariodesanpedro.com.ar\/sitio\/wp-content\/uploads\/2017\/02\/La-detenci\u00f3n-de-Gallardo-en-inmediaciones-de-Z\u00e1rate.-Foto-Enlace-Cr\u00edtico.jpg","jetpack_shortlink":"https:\/\/wp.me\/p6RhLt-3F4","jetpack_sharing_enabled":true,"_links":{"self":[{"href":"https:\/\/eldiariodesanpedro.com.ar\/sitio\/wp-json\/wp\/v2\/posts\/14078","targetHints":{"allow":["GET"]}}],"collection":[{"href":"https:\/\/eldiariodesanpedro.com.ar\/sitio\/wp-json\/wp\/v2\/posts"}],"about":[{"href":"https:\/\/eldiariodesanpedro.com.ar\/sitio\/wp-json\/wp\/v2\/types\/post"}],"author":[{"embeddable":true,"href":"https:\/\/eldiariodesanpedro.com.ar\/sitio\/wp-json\/wp\/v2\/users\/4"}],"replies":[{"embeddable":true,"href":"https:\/\/eldiariodesanpedro.com.ar\/sitio\/wp-json\/wp\/v2\/comments?post=14078"}],"version-history":[{"count":1,"href":"https:\/\/eldiariodesanpedro.com.ar\/sitio\/wp-json\/wp\/v2\/posts\/14078\/revisions"}],"predecessor-version":[{"id":14081,"href":"https:\/\/eldiariodesanpedro.com.ar\/sitio\/wp-json\/wp\/v2\/posts\/14078\/revisions\/14081"}],"wp:featuredmedia":[{"embeddable":true,"href":"https:\/\/eldiariodesanpedro.com.ar\/sitio\/wp-json\/wp\/v2\/media\/14080"}],"wp:attachment":[{"href":"https:\/\/eldiariodesanpedro.com.ar\/sitio\/wp-json\/wp\/v2\/media?parent=14078"}],"wp:term":[{"taxonomy":"category","embeddable":true,"href":"https:\/\/eldiariodesanpedro.com.ar\/sitio\/wp-json\/wp\/v2\/categories?post=14078"},{"taxonomy":"post_tag","embeddable":true,"href":"https:\/\/eldiariodesanpedro.com.ar\/sitio\/wp-json\/wp\/v2\/tags?post=14078"}],"curies":[{"name":"wp","href":"https:\/\/api.w.org\/{rel}","templated":true}]}}