{"id":14069,"date":"2017-02-04T15:58:52","date_gmt":"2017-02-04T18:58:52","guid":{"rendered":"https:\/\/eldiariodesanpedro.com.ar\/sitio\/?p=14069"},"modified":"2017-02-04T19:56:55","modified_gmt":"2017-02-04T22:56:55","slug":"el-falso-drama-de-una-madre-audio","status":"publish","type":"post","link":"https:\/\/eldiariodesanpedro.com.ar\/sitio\/el-falso-drama-de-una-madre-audio\/","title":{"rendered":"El falso drama de una madre (audio)"},"content":{"rendered":"<p><!-- VideographyWP Plugin Message: Automatic video embedding prevented by plugin options. --><br \/>\nDesde las redes sociales se pudo conocer el particular caso de una madre que hab\u00eda radicado la denuncia penal por que a trav\u00e9s de su cuenta de facebook hab\u00eda estado siendo amedrentada por un hombre y tratando de ser convencida por el mismo de entregar a su hija de 8 meses a cambio de dinero, de lo contrario lo har\u00eda por la fuerza.<\/p>\n<p>El caso se viraliz\u00f3 a trav\u00e9s de las redes sociales donde much\u00edsimas personas se sintieron indignadas, y molestas por que la polic\u00eda y la justicia no hacia nada.<\/p>\n<p>En el dia de ayer luego de hacer la denuncia a la fiscal\u00eda anteriormente, se investigo el caso de esta joven que afligida comentaba en las redes sociales y ademas hablo con algunos medios de comunicacion para poder solucionar su problema, y se pudo determinar que los mensajes de este hombre proven\u00edan de la mismo dispositivo que ella utilizaba, haciendo creer de esta manera que ella misma se estar\u00eda mandando los mensajes y auto amenazandoce por medio de una cuenta falsa de facebook, que se hacia llamar Oscar Perez que por supuesto nunca existi\u00f3. La fiscal\u00eda investigo esta cuenta y no pudo encontrar nada a que estaba cerrada, es y otra mas que esta joven utilizaba para enga\u00f1arse a si misma.<\/p>\n<p>En un audio de whatsapp que se hizo viral el d\u00eda de hoy donde el intendente Cecilio Salazar confirma esta situaci\u00f3n.<br \/>\n<audio class=\"wp-audio-shortcode\" id=\"audio-14069-1\" preload=\"none\" style=\"width: 100%;\" controls=\"controls\"><source type=\"audio\/mpeg\" src=\"https:\/\/eldiariodesanpedro.com.ar\/sitio\/wp-content\/uploads\/2017\/02\/AUD-20170204-WA0019-1.mp3?_=1\" \/><a href=\"https:\/\/eldiariodesanpedro.com.ar\/sitio\/wp-content\/uploads\/2017\/02\/AUD-20170204-WA0019-1.mp3\">https:\/\/eldiariodesanpedro.com.ar\/sitio\/wp-content\/uploads\/2017\/02\/AUD-20170204-WA0019-1.mp3<\/a><\/audio>  <\/p>\n","protected":false},"excerpt":{"rendered":"<p>Desde las redes sociales se pudo conocer el particular caso de una madre que hab\u00eda radicado la denuncia penal por que a trav\u00e9s de su cuenta de facebook hab\u00eda estado siendo amedrentada por un hombre y tratando de ser convencida por el mismo de entregar a su hija de 8 meses a cambio de dinero, [&hellip;]<\/p>\n","protected":false},"author":4,"featured_media":14076,"comment_status":"closed","ping_status":"closed","sticky":false,"template":"","format":"standard","meta":{"om_disable_all_campaigns":false,"_jetpack_memberships_contains_paid_content":false,"footnotes":""},"categories":[2,103],"tags":[],"class_list":["post-14069","post","type-post","status-publish","format-standard","has-post-thumbnail","hentry","category-locales","category-policiales-locales"],"aioseo_notices":[],"gutentor_comment":2,"jetpack_featured_media_url":"https:\/\/eldiariodesanpedro.com.ar\/sitio\/wp-content\/uploads\/2017\/02\/1-1-e1486237974662.jpg","jetpack_shortlink":"https:\/\/wp.me\/p6RhLt-3EV","jetpack_sharing_enabled":true,"_links":{"self":[{"href":"https:\/\/eldiariodesanpedro.com.ar\/sitio\/wp-json\/wp\/v2\/posts\/14069","targetHints":{"allow":["GET"]}}],"collection":[{"href":"https:\/\/eldiariodesanpedro.com.ar\/sitio\/wp-json\/wp\/v2\/posts"}],"about":[{"href":"https:\/\/eldiariodesanpedro.com.ar\/sitio\/wp-json\/wp\/v2\/types\/post"}],"author":[{"embeddable":true,"href":"https:\/\/eldiariodesanpedro.com.ar\/sitio\/wp-json\/wp\/v2\/users\/4"}],"replies":[{"embeddable":true,"href":"https:\/\/eldiariodesanpedro.com.ar\/sitio\/wp-json\/wp\/v2\/comments?post=14069"}],"version-history":[{"count":5,"href":"https:\/\/eldiariodesanpedro.com.ar\/sitio\/wp-json\/wp\/v2\/posts\/14069\/revisions"}],"predecessor-version":[{"id":14077,"href":"https:\/\/eldiariodesanpedro.com.ar\/sitio\/wp-json\/wp\/v2\/posts\/14069\/revisions\/14077"}],"wp:featuredmedia":[{"embeddable":true,"href":"https:\/\/eldiariodesanpedro.com.ar\/sitio\/wp-json\/wp\/v2\/media\/14076"}],"wp:attachment":[{"href":"https:\/\/eldiariodesanpedro.com.ar\/sitio\/wp-json\/wp\/v2\/media?parent=14069"}],"wp:term":[{"taxonomy":"category","embeddable":true,"href":"https:\/\/eldiariodesanpedro.com.ar\/sitio\/wp-json\/wp\/v2\/categories?post=14069"},{"taxonomy":"post_tag","embeddable":true,"href":"https:\/\/eldiariodesanpedro.com.ar\/sitio\/wp-json\/wp\/v2\/tags?post=14069"}],"curies":[{"name":"wp","href":"https:\/\/api.w.org\/{rel}","templated":true}]}}