{"id":14066,"date":"2017-02-03T21:41:17","date_gmt":"2017-02-04T00:41:17","guid":{"rendered":"https:\/\/eldiariodesanpedro.com.ar\/sitio\/?p=14066"},"modified":"2017-02-03T21:41:17","modified_gmt":"2017-02-04T00:41:17","slug":"el-gobierno-de-eeuu-impuso-sanciones-economicas-a-iran-por-las-pruebas-con-misiles","status":"publish","type":"post","link":"https:\/\/eldiariodesanpedro.com.ar\/sitio\/el-gobierno-de-eeuu-impuso-sanciones-economicas-a-iran-por-las-pruebas-con-misiles\/","title":{"rendered":"El Gobierno de EEUU impuso sanciones econ\u00f3micas a Ir\u00e1n por las pruebas con misiles"},"content":{"rendered":"<p><!-- VideographyWP Plugin Message: Automatic video embedding prevented by plugin options. --><br \/>\n(T\u00e9lam) &#8211; El gobierno estadounidense impuso sanciones econ\u00f3micas a \u00abm\u00faltiples individuos y entidades\u00bb de Ir\u00e1n, en respuesta a su reciente prueba de un misil de medio alcance y cumpliendo con las promesas electorales de su actual presidente, Donald Trump.<\/p>\n<p>Las sanciones se dirigen a 13 individuos y 12 entidades relacionados con el programa de misiles bal\u00edsticos de Teher\u00e1n, y consisten en prohibir a los ciudadanos o a las agencias gubernamentales de Estados Unidos efectuar transacciones con los alcanzados por las medidas.<\/p>\n<p>Entre las entidades sancionadas se encuentra el Cuerpo de la Guardia Revolucionaria Isl\u00e1mica, una unidad de \u00e9lite de las fuerzas iran\u00edes de defensa.<\/p>\n<p>Expertos citados por el New York Times, un diario favorable a la pol\u00edtica dem\u00f3crata, cuestionaron la efectividad de las nuevas sanciones. Seg\u00fan el rotativo, los proveedores de partes de misiles no suelen tener relaci\u00f3n comercial directa con Estados Unidos.<\/p>\n<p>Adem\u00e1s, diversos medios se\u00f1alan que las sanciones impuestas por Trump en el decreto de ayer ya estaban siendo consideradas y preparadas por la administraci\u00f3n de su predecesor, Barack Obama, algo que fue admitido por el vocero presidencial, Sean Spicer, en su rueda de prensa diaria de hoy.<\/p>\n<p>Los medios estadounidenses se\u00f1alan, adem\u00e1s, que las sanciones no afectan a ning\u00fan banco iran\u00ed de importancia, ninguna instancia administrativa de gobierno o la aerol\u00ednea nacional iran\u00ed, y dudan de su verdadera efectividad disuasoria.<\/p>\n<p>Pero el tono de la Casa Blanca era menos estent\u00f3reo con Obama que el que tiene ahora con Trump.<\/p>\n<p>El asesor de Seguridad Nacional de Trump, Michael Flynn, emiti\u00f3 un comunicado en el que asegura:<br \/>\n\u00abLos d\u00edas de la vista gorda contra las acciones hostiles y beligerantes de Ir\u00e1n hacia Estados Unidos y la comunidad internacional se terminaron\u00bb.<\/p>\n<p>Seg\u00fan Flynn, \u00abIr\u00e1n es el principal patrocinador mundial del terrorismo, se involucra y apoya actividades violentas que desestabilizan el Medio Oriente. La comunidad internacional ha sido demasiado tolerante con la mala conducta de Ir\u00e1n\u00bb, inform\u00f3 la p\u00e1gina Pol\u00edtico.com.<\/p>\n<p>La pol\u00edtica se inscribe en lo que el portavoz presidencial, Sean Spicer, declar\u00f3 el \u00abcompromiso del (presidente de los Estados Unidos, Donald) Trump con la pacificaci\u00f3n del Medio Oriente\u00bb en la rueda de prensa de hoy desde la Casa Blanca, a la cual invit\u00f3 a periodistas de todo el pa\u00eds a sumarse por v\u00eda Skype y que fue transmitida por el canal CNN.<\/p>\n<p>En la \u00ablista negra\u00bb de afectados hay empresas, socios o intermediarios de Ir\u00e1n, pero tambi\u00e9n del L\u00edbano, China y los Emiratos \u00c1rabes Unidos. Todos ellos entregaron tecnolog\u00eda bal\u00edstica a Ir\u00e1n, se\u00f1al\u00f3 en un comunicado el departamento del Tesoro, que es la autoridad de aplicaci\u00f3n.<\/p>\n<p>Seg\u00fan aclar\u00f3 en el comunicado John Smith, jefe interino de la Oficina de Control de Activos Extranjeros del Tesoro, \u00abel continuado apoyo de Ir\u00e1n al terrorismo y desarrollo de su programa de misiles bal\u00edsticos supone una amenaza a la regi\u00f3n, a nuestros socios en todo el mundo y a Estados Unidos\u00bb.<\/p>\n<p>Smith no descart\u00f3 que en el futuro se apliquen sanciones financieras, inform\u00f3 la agencia EFE.<\/p>\n<p>Las sanciones son la primera demostraci\u00f3n del rumbo que piensa adoptar el gobierno estadounidense<br \/>\ncon Trump a la cabeza, despu\u00e9s de haber acusado al gobierno de Barack Obama de haber sido demasiado blando con Ir\u00e1n.<\/p>\n<p>Frente a las sanciones, Teher\u00e1n respondi\u00f3 con expresa indiferencia, a trav\u00e9s de su ministro de relaciones exteriores, Mohamad Yavad Zarif, quien adem\u00e1s asegur\u00f3 que Ir\u00e1n no va a iniciar una guerra. \u00abIr\u00e1n indiferente ante las amenazas al obtener seguridad de nuestro pueblo. Nunca iniciaremos la guerra, pero s\u00f3lo podemos confiar en nuestros propios medios de defensa\u00bb, dijo Zarif en un mensaje divulgado en su cuenta oficial de Twitter.<\/p>\n<p>A su vez, tras insistir en que su pa\u00eds no usar\u00e1 sus armas contra nadie, \u00absalvo en defensa propia\u00bb, desafi\u00f3 a Washington: \u00abVeamos si alguno de los que se queja puede hacer esta misma declaraci\u00f3n\u00bb, agreg\u00f3 Zarif, en alusi\u00f3n a las intervenciones militares en Afganist\u00e1n o Irak.<\/p>\n<p>La relaci\u00f3n entre ambos pa\u00edses se tens\u00f3 en extremo desde que Trump ordenara suspender por tres meses la emisi\u00f3n de visados a los nacionales de Ir\u00e1n y otros seis pa\u00edses de mayor\u00eda musulmana.<\/p>\n<p>La Rep\u00fablica Isl\u00e1mica decidi\u00f3 aplicar una medida rec\u00edproca contra los ciudadanos estadounidenses.<\/p>\n<p>El domingo pasado, Ir\u00e1n realiz\u00f3 una prueba de un misil de medio alcance que explot\u00f3, tras recorrer unos 1.000 kil\u00f3metros, y despert\u00f3 las alertas por parte de Estados Unidos.<\/p>\n","protected":false},"excerpt":{"rendered":"<p>(T\u00e9lam) &#8211; El gobierno estadounidense impuso sanciones econ\u00f3micas a \u00abm\u00faltiples individuos y entidades\u00bb de Ir\u00e1n, en respuesta a su reciente prueba de un misil de medio alcance y cumpliendo con las promesas electorales de su actual presidente, Donald Trump. Las sanciones se dirigen a 13 individuos y 12 entidades relacionados con el programa de misiles [&hellip;]<\/p>\n","protected":false},"author":4,"featured_media":14067,"comment_status":"open","ping_status":"closed","sticky":false,"template":"","format":"standard","meta":{"om_disable_all_campaigns":false,"_jetpack_memberships_contains_paid_content":false,"footnotes":""},"categories":[2],"tags":[],"class_list":["post-14066","post","type-post","status-publish","format-standard","has-post-thumbnail","hentry","category-locales"],"aioseo_notices":[],"gutentor_comment":0,"jetpack_featured_media_url":"https:\/\/eldiariodesanpedro.com.ar\/sitio\/wp-content\/uploads\/2017\/02\/EEUU-1.jpg","jetpack_shortlink":"https:\/\/wp.me\/p6RhLt-3ES","jetpack_sharing_enabled":true,"_links":{"self":[{"href":"https:\/\/eldiariodesanpedro.com.ar\/sitio\/wp-json\/wp\/v2\/posts\/14066","targetHints":{"allow":["GET"]}}],"collection":[{"href":"https:\/\/eldiariodesanpedro.com.ar\/sitio\/wp-json\/wp\/v2\/posts"}],"about":[{"href":"https:\/\/eldiariodesanpedro.com.ar\/sitio\/wp-json\/wp\/v2\/types\/post"}],"author":[{"embeddable":true,"href":"https:\/\/eldiariodesanpedro.com.ar\/sitio\/wp-json\/wp\/v2\/users\/4"}],"replies":[{"embeddable":true,"href":"https:\/\/eldiariodesanpedro.com.ar\/sitio\/wp-json\/wp\/v2\/comments?post=14066"}],"version-history":[{"count":1,"href":"https:\/\/eldiariodesanpedro.com.ar\/sitio\/wp-json\/wp\/v2\/posts\/14066\/revisions"}],"predecessor-version":[{"id":14068,"href":"https:\/\/eldiariodesanpedro.com.ar\/sitio\/wp-json\/wp\/v2\/posts\/14066\/revisions\/14068"}],"wp:featuredmedia":[{"embeddable":true,"href":"https:\/\/eldiariodesanpedro.com.ar\/sitio\/wp-json\/wp\/v2\/media\/14067"}],"wp:attachment":[{"href":"https:\/\/eldiariodesanpedro.com.ar\/sitio\/wp-json\/wp\/v2\/media?parent=14066"}],"wp:term":[{"taxonomy":"category","embeddable":true,"href":"https:\/\/eldiariodesanpedro.com.ar\/sitio\/wp-json\/wp\/v2\/categories?post=14066"},{"taxonomy":"post_tag","embeddable":true,"href":"https:\/\/eldiariodesanpedro.com.ar\/sitio\/wp-json\/wp\/v2\/tags?post=14066"}],"curies":[{"name":"wp","href":"https:\/\/api.w.org\/{rel}","templated":true}]}}