{"id":14057,"date":"2017-02-03T21:34:55","date_gmt":"2017-02-04T00:34:55","guid":{"rendered":"https:\/\/eldiariodesanpedro.com.ar\/sitio\/?p=14057"},"modified":"2017-02-03T21:34:55","modified_gmt":"2017-02-04T00:34:55","slug":"citaron-a-indagatoria-a-cristina-kirchner-por-lavado-de-dinero-y-cohecho","status":"publish","type":"post","link":"https:\/\/eldiariodesanpedro.com.ar\/sitio\/citaron-a-indagatoria-a-cristina-kirchner-por-lavado-de-dinero-y-cohecho\/","title":{"rendered":"Citaron a indagatoria a Cristina Kirchner por lavado de dinero y cohecho"},"content":{"rendered":"<p><!-- VideographyWP Plugin Message: Automatic video embedding prevented by plugin options. --><br \/>\n(Infobae) &#8211; El juez federal Claudio Bonadio tambi\u00e9n convoc\u00f3 a M\u00e1ximo y Florencia Kirchner y a los empresarios L\u00e1zaro B\u00e1ez y Crist\u00f3bal L\u00f3pez. Es en el marco del caso Los Sauces.<\/p>\n<p>La firma Los Sauces se cre\u00f3 en el a\u00f1o 2006 cuando N\u00e9stor Kirchner era presidente de la Naci\u00f3n. El director original era M\u00e1ximo Kirchner y los directores suplentes sus padres, N\u00e9stor y Cristina Fern\u00e1ndez de Kirchner. Aquella empresa se constituy\u00f3 con un capital de 100.000 pesos.<\/p>\n<p>Fue en el a\u00f1o 2008 cuando la empresa de la familia Kirchner comenz\u00f3 a comprar propiedades, entre ellas dos departamentos y cocheras en el edificio Madero Center de Puerto Madero.<\/p>\n<p>Esa firma adquiri\u00f3 varias propiedades que luego alquil\u00f3. Seg\u00fan un peritaje contable ordenado por el juez Claudio Bonadio y realizado por los contadores de la Corte Suprema de Justicia de la Naci\u00f3n y del Ministerio P\u00fablico y controlado por los imputados en la causa, la sociedad consolid\u00f3 un patrimonio de $12 millones y obtuvo ganancias acumuladas por 10 millones. El 87% de la facturaci\u00f3n de Los Sauces corresponde a dos grupos empresarios: el de Crist\u00f3bal L\u00f3pez y el de L\u00e1zaro B\u00e1ez.<\/p>\n<p>Las empresas de L\u00f3pez le pagaron facturas a Los Sauces por $15.334.484 m\u00e1s IVA, lo que representa un 63% del total facturado por la empresa en su historia. En tanto las empresas de B\u00e1ez pagaron $5.662.121 m\u00e1s IVA, una cifra que representa cerca del 24% del total.<\/p>\n<p>La hip\u00f3tesis del juez Bonadio y la del fiscal R\u00edvolo es que a partir del movimiento de la firma Los Sauces se cometieron varios delitos: lavado de dinero, cohecho y negociaciones incompatibles con la funci\u00f3n p\u00fablica. Es que casi la totalidad de los ingresos de la sociedad provinieron de dos empresarios beneficiados con negocios estatales durante la administraci\u00f3n de los Kirchner.<\/p>\n<p>Durante la investigaci\u00f3n se hallaron numerosas irregularidades en la documentaci\u00f3n contable de Los Sauces\u00bb y se revel\u00f3 un entramado y vinculaci\u00f3n de nombres y sociedades que, seg\u00fan explican en Comodoro Py, determin\u00f3 el llamado a indagatoria.<\/p>\n<p>Uno de los hechos que qued\u00f3 al descubierto en la causa es la compra de la casa de la calle Mascarello al 400 donde vive la ex presidenta, por parte de Los Sauces. Esa propiedad fue adquirida en abril de 2010 por la suma de 200.000 pesos. La compr\u00f3 la firma Negocios Patag\u00f3nicos, que es del socio hist\u00f3rico de los Kirchner: Osvaldo Sanfelice.<br \/>\nMeses despu\u00e9s N\u00e9stor Kirchner, en nombre de Los Sauces, la compr\u00f3 en 250.000 d\u00f3lares. Sanfelice gan\u00f3 500% en esa operaci\u00f3n considerada sospechosa por los investigadores.<\/p>\n<p>Deber\u00e1n declarar en indagatoria los integrantes de Los Sauces y de las sociedades que hicieron negocios con la firma de los Kirchner. Tambi\u00e9n se espera que declaren ante Bonadio otras personas vinculadas con las operaciones hechas por la empresa bajo investigaci\u00f3n.<\/p>\n<p>La ex presidenta fue citada para el 7 de marzo. Tambi\u00e9n ir\u00e1n a indagatoria sus dos hijos M\u00e1ximo -diputado nacional por el Frente para la Victoria- y Florencia Kirchner; L\u00f3pez y su socio Fabi\u00e1n de Sousa; B\u00e1ez y tres de sus hijos: Mart\u00edn, Leandro y Luciana B\u00e1ez. Sanfelice se suma a la lista de los que ser\u00e1n indagados, al igual que Romina Mercado -sobrina de la ex presidente e hija de la gobernadora de Santa Cruz, Alicia Kirchner- y su cu\u00f1ado Patricio Pereyra Arand\u00eda.<\/p>\n<p>En una primera tanda de indagados se halla tambi\u00e9n el contador de los Kirchner, V\u00edctor Manzanares, y los tres escribanos que actuaron en operaciones de la empresa: Leandro Albornoz, Jorge Ludue\u00f1a y Norma Abuin.<\/p>\n<p>La de Bonadio es la primera indagatoria para los hijos de la ex presidenta. En cambio, para ella ser\u00e1 la tercera. Fue indagada y procesada en dos causas judiciales: la conocida como \u00abD\u00f3lar futuro\u00bb y la del otorgamiento de obra p\u00fablica vial a las empresas de B\u00e1ez.<\/p>\n","protected":false},"excerpt":{"rendered":"<p>(Infobae) &#8211; El juez federal Claudio Bonadio tambi\u00e9n convoc\u00f3 a M\u00e1ximo y Florencia Kirchner y a los empresarios L\u00e1zaro B\u00e1ez y Crist\u00f3bal L\u00f3pez. Es en el marco del caso Los Sauces. La firma Los Sauces se cre\u00f3 en el a\u00f1o 2006 cuando N\u00e9stor Kirchner era presidente de la Naci\u00f3n. El director original era M\u00e1ximo Kirchner [&hellip;]<\/p>\n","protected":false},"author":4,"featured_media":14058,"comment_status":"open","ping_status":"closed","sticky":false,"template":"","format":"standard","meta":{"om_disable_all_campaigns":false,"_jetpack_memberships_contains_paid_content":false,"footnotes":""},"categories":[3],"tags":[],"class_list":["post-14057","post","type-post","status-publish","format-standard","has-post-thumbnail","hentry","category-nacionales"],"aioseo_notices":[],"gutentor_comment":0,"jetpack_featured_media_url":"https:\/\/eldiariodesanpedro.com.ar\/sitio\/wp-content\/uploads\/2017\/02\/Cristina.jpg","jetpack_shortlink":"https:\/\/wp.me\/p6RhLt-3EJ","jetpack_sharing_enabled":true,"_links":{"self":[{"href":"https:\/\/eldiariodesanpedro.com.ar\/sitio\/wp-json\/wp\/v2\/posts\/14057","targetHints":{"allow":["GET"]}}],"collection":[{"href":"https:\/\/eldiariodesanpedro.com.ar\/sitio\/wp-json\/wp\/v2\/posts"}],"about":[{"href":"https:\/\/eldiariodesanpedro.com.ar\/sitio\/wp-json\/wp\/v2\/types\/post"}],"author":[{"embeddable":true,"href":"https:\/\/eldiariodesanpedro.com.ar\/sitio\/wp-json\/wp\/v2\/users\/4"}],"replies":[{"embeddable":true,"href":"https:\/\/eldiariodesanpedro.com.ar\/sitio\/wp-json\/wp\/v2\/comments?post=14057"}],"version-history":[{"count":1,"href":"https:\/\/eldiariodesanpedro.com.ar\/sitio\/wp-json\/wp\/v2\/posts\/14057\/revisions"}],"predecessor-version":[{"id":14059,"href":"https:\/\/eldiariodesanpedro.com.ar\/sitio\/wp-json\/wp\/v2\/posts\/14057\/revisions\/14059"}],"wp:featuredmedia":[{"embeddable":true,"href":"https:\/\/eldiariodesanpedro.com.ar\/sitio\/wp-json\/wp\/v2\/media\/14058"}],"wp:attachment":[{"href":"https:\/\/eldiariodesanpedro.com.ar\/sitio\/wp-json\/wp\/v2\/media?parent=14057"}],"wp:term":[{"taxonomy":"category","embeddable":true,"href":"https:\/\/eldiariodesanpedro.com.ar\/sitio\/wp-json\/wp\/v2\/categories?post=14057"},{"taxonomy":"post_tag","embeddable":true,"href":"https:\/\/eldiariodesanpedro.com.ar\/sitio\/wp-json\/wp\/v2\/tags?post=14057"}],"curies":[{"name":"wp","href":"https:\/\/api.w.org\/{rel}","templated":true}]}}