{"id":140565,"date":"2025-05-30T13:39:44","date_gmt":"2025-05-30T16:39:44","guid":{"rendered":"https:\/\/eldiariodesanpedro.com.ar\/sitio\/?p=140565"},"modified":"2025-05-30T13:39:48","modified_gmt":"2025-05-30T16:39:48","slug":"edicto-de-cementerio-de-baradero-de-braillard-y-torrano","status":"publish","type":"post","link":"https:\/\/eldiariodesanpedro.com.ar\/sitio\/edicto-de-cementerio-de-baradero-de-braillard-y-torrano\/","title":{"rendered":"Edicto de cementerio de Baradero de Braillard y Torrano"},"content":{"rendered":"<!-- VideographyWP Plugin Message: Automatic video embedding prevented by plugin options. -->\n\n<p class=\"has-text-align-right\">Baradero, 28 de mayo de 2025.-<\/p>\n\n\n\n<p class=\"has-text-align-center\">EDICTO<\/p>\n\n\n\n<p>&#8212;-MUNICIPALIDAD DE BARADERO cita y emplaza por treinta (30) d\u00edas a quienes se consideren con derecho sobre el lote ubicado en la Secci\u00f3n D, Tablon 2, Lote 23 cuya titularidad figura a nombre del Sr Ricardo Ramon BRAILLARD y Sra. Elsa Rufina TORRANO, seg\u00fan consta en el Libro 14, Folio 123 del Cementerio Local.-<\/p>\n\n\n\n<p>ELIANA DOLCEMELO<br>ABOGADA<\/p>\n\n\n\n<p>(Publicaci\u00f3n v\u00e1lida para el d\u00eda 30 y 31 de mayo de 2025)\u00a0<\/p>\n","protected":false},"excerpt":{"rendered":"<p>Baradero, 28 de mayo de 2025.- EDICTO &#8212;-MUNICIPALIDAD DE BARADERO cita y emplaza por treinta (30) d\u00edas a quienes se consideren con derecho sobre el lote ubicado en la Secci\u00f3n D, Tablon 2, Lote 23 cuya titularidad figura a nombre del Sr Ricardo Ramon BRAILLARD y Sra. Elsa Rufina TORRANO, seg\u00fan consta en el Libro [&hellip;]<\/p>\n","protected":false},"author":4,"featured_media":102746,"comment_status":"closed","ping_status":"closed","sticky":false,"template":"","format":"standard","meta":{"om_disable_all_campaigns":false,"_jetpack_memberships_contains_paid_content":false,"footnotes":""},"categories":[676,1124],"tags":[],"class_list":["post-140565","post","type-post","status-publish","format-standard","has-post-thumbnail","hentry","category-edictos","category-edictos-especiales"],"aioseo_notices":[],"gutentor_comment":0,"jetpack_featured_media_url":"https:\/\/eldiariodesanpedro.com.ar\/sitio\/wp-content\/uploads\/2022\/01\/EDICTO.jpg","jetpack_shortlink":"https:\/\/wp.me\/p6RhLt-Azb","jetpack_sharing_enabled":true,"_links":{"self":[{"href":"https:\/\/eldiariodesanpedro.com.ar\/sitio\/wp-json\/wp\/v2\/posts\/140565","targetHints":{"allow":["GET"]}}],"collection":[{"href":"https:\/\/eldiariodesanpedro.com.ar\/sitio\/wp-json\/wp\/v2\/posts"}],"about":[{"href":"https:\/\/eldiariodesanpedro.com.ar\/sitio\/wp-json\/wp\/v2\/types\/post"}],"author":[{"embeddable":true,"href":"https:\/\/eldiariodesanpedro.com.ar\/sitio\/wp-json\/wp\/v2\/users\/4"}],"replies":[{"embeddable":true,"href":"https:\/\/eldiariodesanpedro.com.ar\/sitio\/wp-json\/wp\/v2\/comments?post=140565"}],"version-history":[{"count":1,"href":"https:\/\/eldiariodesanpedro.com.ar\/sitio\/wp-json\/wp\/v2\/posts\/140565\/revisions"}],"predecessor-version":[{"id":140566,"href":"https:\/\/eldiariodesanpedro.com.ar\/sitio\/wp-json\/wp\/v2\/posts\/140565\/revisions\/140566"}],"wp:featuredmedia":[{"embeddable":true,"href":"https:\/\/eldiariodesanpedro.com.ar\/sitio\/wp-json\/wp\/v2\/media\/102746"}],"wp:attachment":[{"href":"https:\/\/eldiariodesanpedro.com.ar\/sitio\/wp-json\/wp\/v2\/media?parent=140565"}],"wp:term":[{"taxonomy":"category","embeddable":true,"href":"https:\/\/eldiariodesanpedro.com.ar\/sitio\/wp-json\/wp\/v2\/categories?post=140565"},{"taxonomy":"post_tag","embeddable":true,"href":"https:\/\/eldiariodesanpedro.com.ar\/sitio\/wp-json\/wp\/v2\/tags?post=140565"}],"curies":[{"name":"wp","href":"https:\/\/api.w.org\/{rel}","templated":true}]}}