{"id":140541,"date":"2025-05-29T20:34:12","date_gmt":"2025-05-29T23:34:12","guid":{"rendered":"https:\/\/eldiariodesanpedro.com.ar\/sitio\/?p=140541"},"modified":"2025-05-29T20:34:16","modified_gmt":"2025-05-29T23:34:16","slug":"comenzo-el-curso-de-habilidades-digitales-en-gobernador-castro","status":"publish","type":"post","link":"https:\/\/eldiariodesanpedro.com.ar\/sitio\/comenzo-el-curso-de-habilidades-digitales-en-gobernador-castro\/","title":{"rendered":"Comenz\u00f3 el curso de Habilidades Digitales en Gobernador Castro"},"content":{"rendered":"<!-- VideographyWP Plugin Message: Automatic video embedding prevented by plugin options. -->\n\n<p><strong>Este jueves se dio inicio al curso de Habilidades Digitales en la sede del Programa Envi\u00f3n de Gobernador Castro<\/strong>, una propuesta formativa destinada a <strong>personas mayores de 17 a\u00f1os<\/strong> de la localidad.<\/p>\n\n\n\n<p>La capacitaci\u00f3n es brindada de manera conjunta por el <strong>Centro de Formaci\u00f3n Laboral N\u00b0 402<\/strong> y el <strong>Sindicato de Empleados de Comercio (SEC)<\/strong>. Este proyecto fue posible gracias al <strong>trabajo articulado con la Secretar\u00eda de Desarrollo de la Comunidad<\/strong> de la <strong>Municipalidad de San Pedro<\/strong>, que provey\u00f3 las <strong>computadoras necesarias para equipar el espacio<\/strong>.<\/p>\n\n\n\n<p>Esta iniciativa se enmarca en una <strong>pol\u00edtica de fortalecimiento del acceso a herramientas formativas y de inserci\u00f3n laboral<\/strong>, con el objetivo de <strong>acercar nuevas oportunidades a los vecinos y vecinas de la zona<\/strong>. El curso cuenta con <strong>certificaci\u00f3n oficial<\/strong> y continuar\u00e1 desarroll\u00e1ndose en las pr\u00f3ximas semanas en <strong>la misma sede<\/strong>.<\/p>\n\n\n\n<p>#HabilidadesDigitales #Formaci\u00f3nLaboral #GobernadorCastro #Capacitaci\u00f3n #Inclusi\u00f3nDigital #SanPedro #SEC #Centro402<\/p>\n\n\n\n<div class=\"wp-block-jetpack-slideshow aligncenter\" data-effect=\"slide\"><div class=\"wp-block-jetpack-slideshow_container swiper-container\"><ul class=\"wp-block-jetpack-slideshow_swiper-wrapper swiper-wrapper\"><li class=\"wp-block-jetpack-slideshow_slide swiper-slide\"><figure><img decoding=\"async\" width=\"946\" height=\"630\" alt=\"\" class=\"wp-block-jetpack-slideshow_image wp-image-140546 lazyload\" data-id=\"140546\" data-src=\"https:\/\/eldiariodesanpedro.com.ar\/sitio\/wp-content\/uploads\/2025\/05\/Imagen-de-WhatsApp-2025-05-29-a-las-19.07.07_6fe48d62.jpg\" data-srcset=\"https:\/\/eldiariodesanpedro.com.ar\/sitio\/wp-content\/uploads\/2025\/05\/Imagen-de-WhatsApp-2025-05-29-a-las-19.07.07_6fe48d62.jpg 946w, https:\/\/eldiariodesanpedro.com.ar\/sitio\/wp-content\/uploads\/2025\/05\/Imagen-de-WhatsApp-2025-05-29-a-las-19.07.07_6fe48d62-300x200.jpg 300w, https:\/\/eldiariodesanpedro.com.ar\/sitio\/wp-content\/uploads\/2025\/05\/Imagen-de-WhatsApp-2025-05-29-a-las-19.07.07_6fe48d62-768x511.jpg 768w\" data-sizes=\"(max-width: 946px) 100vw, 946px\" src=\"data:image\/svg+xml;base64,PHN2ZyB3aWR0aD0iMSIgaGVpZ2h0PSIxIiB4bWxucz0iaHR0cDovL3d3dy53My5vcmcvMjAwMC9zdmciPjwvc3ZnPg==\" style=\"--smush-placeholder-width: 946px; --smush-placeholder-aspect-ratio: 946\/630;\" \/><\/figure><\/li><li class=\"wp-block-jetpack-slideshow_slide swiper-slide\"><figure><img decoding=\"async\" width=\"946\" height=\"630\" alt=\"\" class=\"wp-block-jetpack-slideshow_image wp-image-140545 lazyload\" data-id=\"140545\" data-src=\"https:\/\/eldiariodesanpedro.com.ar\/sitio\/wp-content\/uploads\/2025\/05\/Imagen-de-WhatsApp-2025-05-29-a-las-19.07.06_96a1407d.jpg\" data-srcset=\"https:\/\/eldiariodesanpedro.com.ar\/sitio\/wp-content\/uploads\/2025\/05\/Imagen-de-WhatsApp-2025-05-29-a-las-19.07.06_96a1407d.jpg 946w, https:\/\/eldiariodesanpedro.com.ar\/sitio\/wp-content\/uploads\/2025\/05\/Imagen-de-WhatsApp-2025-05-29-a-las-19.07.06_96a1407d-300x200.jpg 300w, https:\/\/eldiariodesanpedro.com.ar\/sitio\/wp-content\/uploads\/2025\/05\/Imagen-de-WhatsApp-2025-05-29-a-las-19.07.06_96a1407d-768x511.jpg 768w\" data-sizes=\"(max-width: 946px) 100vw, 946px\" src=\"data:image\/svg+xml;base64,PHN2ZyB3aWR0aD0iMSIgaGVpZ2h0PSIxIiB4bWxucz0iaHR0cDovL3d3dy53My5vcmcvMjAwMC9zdmciPjwvc3ZnPg==\" style=\"--smush-placeholder-width: 946px; --smush-placeholder-aspect-ratio: 946\/630;\" \/><\/figure><\/li><li class=\"wp-block-jetpack-slideshow_slide swiper-slide\"><figure><img decoding=\"async\" width=\"946\" height=\"630\" alt=\"\" class=\"wp-block-jetpack-slideshow_image wp-image-140544 lazyload\" data-id=\"140544\" data-src=\"https:\/\/eldiariodesanpedro.com.ar\/sitio\/wp-content\/uploads\/2025\/05\/Imagen-de-WhatsApp-2025-05-29-a-las-19.07.06_61b4ddbc.jpg\" data-srcset=\"https:\/\/eldiariodesanpedro.com.ar\/sitio\/wp-content\/uploads\/2025\/05\/Imagen-de-WhatsApp-2025-05-29-a-las-19.07.06_61b4ddbc.jpg 946w, https:\/\/eldiariodesanpedro.com.ar\/sitio\/wp-content\/uploads\/2025\/05\/Imagen-de-WhatsApp-2025-05-29-a-las-19.07.06_61b4ddbc-300x200.jpg 300w, https:\/\/eldiariodesanpedro.com.ar\/sitio\/wp-content\/uploads\/2025\/05\/Imagen-de-WhatsApp-2025-05-29-a-las-19.07.06_61b4ddbc-768x511.jpg 768w\" data-sizes=\"(max-width: 946px) 100vw, 946px\" src=\"data:image\/svg+xml;base64,PHN2ZyB3aWR0aD0iMSIgaGVpZ2h0PSIxIiB4bWxucz0iaHR0cDovL3d3dy53My5vcmcvMjAwMC9zdmciPjwvc3ZnPg==\" style=\"--smush-placeholder-width: 946px; --smush-placeholder-aspect-ratio: 946\/630;\" \/><\/figure><\/li><li class=\"wp-block-jetpack-slideshow_slide swiper-slide\"><figure><img decoding=\"async\" width=\"946\" height=\"630\" alt=\"\" class=\"wp-block-jetpack-slideshow_image wp-image-140543 lazyload\" data-id=\"140543\" data-src=\"https:\/\/eldiariodesanpedro.com.ar\/sitio\/wp-content\/uploads\/2025\/05\/Imagen-de-WhatsApp-2025-05-29-a-las-19.07.06_1a19999e.jpg\" data-srcset=\"https:\/\/eldiariodesanpedro.com.ar\/sitio\/wp-content\/uploads\/2025\/05\/Imagen-de-WhatsApp-2025-05-29-a-las-19.07.06_1a19999e.jpg 946w, https:\/\/eldiariodesanpedro.com.ar\/sitio\/wp-content\/uploads\/2025\/05\/Imagen-de-WhatsApp-2025-05-29-a-las-19.07.06_1a19999e-300x200.jpg 300w, https:\/\/eldiariodesanpedro.com.ar\/sitio\/wp-content\/uploads\/2025\/05\/Imagen-de-WhatsApp-2025-05-29-a-las-19.07.06_1a19999e-768x511.jpg 768w\" data-sizes=\"(max-width: 946px) 100vw, 946px\" src=\"data:image\/svg+xml;base64,PHN2ZyB3aWR0aD0iMSIgaGVpZ2h0PSIxIiB4bWxucz0iaHR0cDovL3d3dy53My5vcmcvMjAwMC9zdmciPjwvc3ZnPg==\" style=\"--smush-placeholder-width: 946px; --smush-placeholder-aspect-ratio: 946\/630;\" \/><\/figure><\/li><li class=\"wp-block-jetpack-slideshow_slide swiper-slide\"><figure><img decoding=\"async\" width=\"946\" height=\"630\" alt=\"\" class=\"wp-block-jetpack-slideshow_image wp-image-140542 lazyload\" data-id=\"140542\" data-src=\"https:\/\/eldiariodesanpedro.com.ar\/sitio\/wp-content\/uploads\/2025\/05\/Imagen-de-WhatsApp-2025-05-29-a-las-19.07.05_f2798212.jpg\" data-srcset=\"https:\/\/eldiariodesanpedro.com.ar\/sitio\/wp-content\/uploads\/2025\/05\/Imagen-de-WhatsApp-2025-05-29-a-las-19.07.05_f2798212.jpg 946w, https:\/\/eldiariodesanpedro.com.ar\/sitio\/wp-content\/uploads\/2025\/05\/Imagen-de-WhatsApp-2025-05-29-a-las-19.07.05_f2798212-300x200.jpg 300w, https:\/\/eldiariodesanpedro.com.ar\/sitio\/wp-content\/uploads\/2025\/05\/Imagen-de-WhatsApp-2025-05-29-a-las-19.07.05_f2798212-768x511.jpg 768w\" data-sizes=\"(max-width: 946px) 100vw, 946px\" src=\"data:image\/svg+xml;base64,PHN2ZyB3aWR0aD0iMSIgaGVpZ2h0PSIxIiB4bWxucz0iaHR0cDovL3d3dy53My5vcmcvMjAwMC9zdmciPjwvc3ZnPg==\" style=\"--smush-placeholder-width: 946px; --smush-placeholder-aspect-ratio: 946\/630;\" \/><\/figure><\/li><\/ul><a class=\"wp-block-jetpack-slideshow_button-prev swiper-button-prev swiper-button-white\" role=\"button\"><\/a><a class=\"wp-block-jetpack-slideshow_button-next swiper-button-next swiper-button-white\" role=\"button\"><\/a><a aria-label=\"Pause Slideshow\" class=\"wp-block-jetpack-slideshow_button-pause\" role=\"button\"><\/a><div class=\"wp-block-jetpack-slideshow_pagination swiper-pagination swiper-pagination-white\"><\/div><\/div><\/div>\n","protected":false},"excerpt":{"rendered":"<p>Este jueves se dio inicio al curso de Habilidades Digitales en la sede del Programa Envi\u00f3n de Gobernador Castro, una propuesta formativa destinada a personas mayores de 17 a\u00f1os de la localidad. La capacitaci\u00f3n es brindada de manera conjunta por el Centro de Formaci\u00f3n Laboral N\u00b0 402 y el Sindicato de Empleados de Comercio (SEC). [&hellip;]<\/p>\n","protected":false},"author":4,"featured_media":140544,"comment_status":"closed","ping_status":"closed","sticky":false,"template":"","format":"standard","meta":{"om_disable_all_campaigns":false,"_jetpack_memberships_contains_paid_content":false,"footnotes":""},"categories":[101,2],"tags":[],"class_list":["post-140541","post","type-post","status-publish","format-standard","has-post-thumbnail","hentry","category-interes-general-locales","category-locales"],"aioseo_notices":[],"gutentor_comment":0,"jetpack_featured_media_url":"https:\/\/eldiariodesanpedro.com.ar\/sitio\/wp-content\/uploads\/2025\/05\/Imagen-de-WhatsApp-2025-05-29-a-las-19.07.06_61b4ddbc.jpg","jetpack_shortlink":"https:\/\/wp.me\/p6RhLt-AyN","jetpack_sharing_enabled":true,"_links":{"self":[{"href":"https:\/\/eldiariodesanpedro.com.ar\/sitio\/wp-json\/wp\/v2\/posts\/140541","targetHints":{"allow":["GET"]}}],"collection":[{"href":"https:\/\/eldiariodesanpedro.com.ar\/sitio\/wp-json\/wp\/v2\/posts"}],"about":[{"href":"https:\/\/eldiariodesanpedro.com.ar\/sitio\/wp-json\/wp\/v2\/types\/post"}],"author":[{"embeddable":true,"href":"https:\/\/eldiariodesanpedro.com.ar\/sitio\/wp-json\/wp\/v2\/users\/4"}],"replies":[{"embeddable":true,"href":"https:\/\/eldiariodesanpedro.com.ar\/sitio\/wp-json\/wp\/v2\/comments?post=140541"}],"version-history":[{"count":1,"href":"https:\/\/eldiariodesanpedro.com.ar\/sitio\/wp-json\/wp\/v2\/posts\/140541\/revisions"}],"predecessor-version":[{"id":140547,"href":"https:\/\/eldiariodesanpedro.com.ar\/sitio\/wp-json\/wp\/v2\/posts\/140541\/revisions\/140547"}],"wp:featuredmedia":[{"embeddable":true,"href":"https:\/\/eldiariodesanpedro.com.ar\/sitio\/wp-json\/wp\/v2\/media\/140544"}],"wp:attachment":[{"href":"https:\/\/eldiariodesanpedro.com.ar\/sitio\/wp-json\/wp\/v2\/media?parent=140541"}],"wp:term":[{"taxonomy":"category","embeddable":true,"href":"https:\/\/eldiariodesanpedro.com.ar\/sitio\/wp-json\/wp\/v2\/categories?post=140541"},{"taxonomy":"post_tag","embeddable":true,"href":"https:\/\/eldiariodesanpedro.com.ar\/sitio\/wp-json\/wp\/v2\/tags?post=140541"}],"curies":[{"name":"wp","href":"https:\/\/api.w.org\/{rel}","templated":true}]}}