{"id":14048,"date":"2017-02-03T21:10:37","date_gmt":"2017-02-04T00:10:37","guid":{"rendered":"https:\/\/eldiariodesanpedro.com.ar\/sitio\/?p=14048"},"modified":"2026-01-24T00:31:07","modified_gmt":"2026-01-24T03:31:07","slug":"basquet-gano-parana-amistoso-de-primera","status":"publish","type":"post","link":"https:\/\/eldiariodesanpedro.com.ar\/sitio\/basquet-gano-parana-amistoso-de-primera\/","title":{"rendered":"B\u00c1SQUET Gan\u00f3 Paran\u00e1 amistoso de primera"},"content":{"rendered":"<p><!-- VideographyWP Plugin Message: Automatic video embedding prevented by plugin options. --><br \/>\nLa primera \u00abalbirroja\u00bb, recibi\u00f3 a la primera de Atl\u00e9tico Baradero en el marco de los festejos del basquet de Paran\u00e1 FC., por los 109 a\u00f1os de la instituci\u00f3n. El triunfo fue para \u00abel albi\u00bb por 85 a 75 y durante el a\u00f1o tienen previsto jugar varios amistosos para ir sumando experiencia con vistas a jugar oficialmente. <\/p>\n","protected":false},"excerpt":{"rendered":"<p>La primera \u00abalbirroja\u00bb, recibi\u00f3 a la primera de Atl\u00e9tico Baradero en el marco de los festejos del basquet de Paran\u00e1 FC., por los 109 a\u00f1os de la instituci\u00f3n. El triunfo fue para \u00abel albi\u00bb por 85 a 75 y durante el a\u00f1o tienen previsto jugar varios amistosos para ir sumando experiencia con vistas a jugar [&hellip;]<\/p>\n","protected":false},"author":4,"featured_media":14049,"comment_status":"open","ping_status":"closed","sticky":false,"template":"","format":"standard","meta":{"om_disable_all_campaigns":false,"_jetpack_memberships_contains_paid_content":false,"footnotes":""},"categories":[5],"tags":[],"class_list":["post-14048","post","type-post","status-publish","format-standard","has-post-thumbnail","hentry","category-deportes"],"aioseo_notices":[],"gutentor_comment":0,"jetpack_featured_media_url":"https:\/\/eldiariodesanpedro.com.ar\/sitio\/wp-content\/uploads\/2017\/02\/Primera-divisi\u00f3n-de-Paran\u00e1-FC.jpg","jetpack_shortlink":"https:\/\/wp.me\/p6RhLt-3EA","jetpack_sharing_enabled":true,"_links":{"self":[{"href":"https:\/\/eldiariodesanpedro.com.ar\/sitio\/wp-json\/wp\/v2\/posts\/14048","targetHints":{"allow":["GET"]}}],"collection":[{"href":"https:\/\/eldiariodesanpedro.com.ar\/sitio\/wp-json\/wp\/v2\/posts"}],"about":[{"href":"https:\/\/eldiariodesanpedro.com.ar\/sitio\/wp-json\/wp\/v2\/types\/post"}],"author":[{"embeddable":true,"href":"https:\/\/eldiariodesanpedro.com.ar\/sitio\/wp-json\/wp\/v2\/users\/4"}],"replies":[{"embeddable":true,"href":"https:\/\/eldiariodesanpedro.com.ar\/sitio\/wp-json\/wp\/v2\/comments?post=14048"}],"version-history":[{"count":1,"href":"https:\/\/eldiariodesanpedro.com.ar\/sitio\/wp-json\/wp\/v2\/posts\/14048\/revisions"}],"predecessor-version":[{"id":14050,"href":"https:\/\/eldiariodesanpedro.com.ar\/sitio\/wp-json\/wp\/v2\/posts\/14048\/revisions\/14050"}],"wp:featuredmedia":[{"embeddable":true,"href":"https:\/\/eldiariodesanpedro.com.ar\/sitio\/wp-json\/wp\/v2\/media\/14049"}],"wp:attachment":[{"href":"https:\/\/eldiariodesanpedro.com.ar\/sitio\/wp-json\/wp\/v2\/media?parent=14048"}],"wp:term":[{"taxonomy":"category","embeddable":true,"href":"https:\/\/eldiariodesanpedro.com.ar\/sitio\/wp-json\/wp\/v2\/categories?post=14048"},{"taxonomy":"post_tag","embeddable":true,"href":"https:\/\/eldiariodesanpedro.com.ar\/sitio\/wp-json\/wp\/v2\/tags?post=14048"}],"curies":[{"name":"wp","href":"https:\/\/api.w.org\/{rel}","templated":true}]}}