{"id":14042,"date":"2017-02-03T20:57:28","date_gmt":"2017-02-03T23:57:28","guid":{"rendered":"https:\/\/eldiariodesanpedro.com.ar\/sitio\/?p=14042"},"modified":"2017-02-03T20:57:28","modified_gmt":"2017-02-03T23:57:28","slug":"zarate-tendra-un-banco-de-drogas-oncologicas-que-funcionara-en-el-hospital","status":"publish","type":"post","link":"https:\/\/eldiariodesanpedro.com.ar\/sitio\/zarate-tendra-un-banco-de-drogas-oncologicas-que-funcionara-en-el-hospital\/","title":{"rendered":"Z\u00e1rate tendr\u00e1 un banco de drogas oncol\u00f3gicas que funcionar\u00e1 en el Hospital"},"content":{"rendered":"<p><!-- VideographyWP Plugin Message: Automatic video embedding prevented by plugin options. --><br \/>\nEl d\u00eda lunes se realiz\u00f3 una capacitaci\u00f3n en el Hospital Zonal Virgen del Carmen, que estuvo a cargo de funcionarios del Plan provincial del Control del C\u00e1ncer del Ministerio de Salud de la Provincia.<\/p>\n<p>El eje de la jornada, seg\u00fan ha indicado la Dra. Mar\u00eda Laura Gasque, Directora del Nosocomio, fue la apertura de una delegaci\u00f3n regional del banco de drogas oncol\u00f3gicas. El mismo comenz\u00f3 a funcionar este mes, y tendr\u00e1 como objetivo tramitar las solicitudes de drogas oncol\u00f3gicas de nuestros vecinos, las cuales una vez efectuados los tr\u00e1mites pertinentes, ser\u00e1n entregados por el servicio de farmacia de nuestro Hospital.<\/p>\n<p>Seg\u00fan resalta la Dra. Gasque, hasta el presente, los pacientes que realizaban este tr\u00e1mite, deb\u00edan dirigirse al Hospital Cordero (San Fernando), el Hospital Eva Per\u00f3n (San Mart\u00edn) o el Hospital Cetrangolo (Vicente L\u00f3pez).<\/p>\n<p>Adem\u00e1s, agreg\u00f3, que esta novedad no solo beneficiar\u00e1 a los vecinos de nuestro Partido de Z\u00e1rate, sino que tambi\u00e9n servir\u00e1 a los pacientes de otras localidades que pertenezcan a nuestra Regi\u00f3n Sanitaria V, quienes podr\u00e1n efectuar la solicitud de drogas para su tratamiento en la nueva Delegaci\u00f3n de nuestra ciudad. (Z\u00e1rate Alerta)<\/p>\n","protected":false},"excerpt":{"rendered":"<p>El d\u00eda lunes se realiz\u00f3 una capacitaci\u00f3n en el Hospital Zonal Virgen del Carmen, que estuvo a cargo de funcionarios del Plan provincial del Control del C\u00e1ncer del Ministerio de Salud de la Provincia. El eje de la jornada, seg\u00fan ha indicado la Dra. Mar\u00eda Laura Gasque, Directora del Nosocomio, fue la apertura de una [&hellip;]<\/p>\n","protected":false},"author":4,"featured_media":14044,"comment_status":"open","ping_status":"closed","sticky":false,"template":"","format":"standard","meta":{"om_disable_all_campaigns":false,"_jetpack_memberships_contains_paid_content":false,"footnotes":""},"categories":[621],"tags":[],"class_list":["post-14042","post","type-post","status-publish","format-standard","has-post-thumbnail","hentry","category-regionales"],"aioseo_notices":[],"gutentor_comment":0,"jetpack_featured_media_url":"https:\/\/eldiariodesanpedro.com.ar\/sitio\/wp-content\/uploads\/2017\/02\/hospital-zarate.jpg","jetpack_shortlink":"https:\/\/wp.me\/p6RhLt-3Eu","jetpack_sharing_enabled":true,"_links":{"self":[{"href":"https:\/\/eldiariodesanpedro.com.ar\/sitio\/wp-json\/wp\/v2\/posts\/14042","targetHints":{"allow":["GET"]}}],"collection":[{"href":"https:\/\/eldiariodesanpedro.com.ar\/sitio\/wp-json\/wp\/v2\/posts"}],"about":[{"href":"https:\/\/eldiariodesanpedro.com.ar\/sitio\/wp-json\/wp\/v2\/types\/post"}],"author":[{"embeddable":true,"href":"https:\/\/eldiariodesanpedro.com.ar\/sitio\/wp-json\/wp\/v2\/users\/4"}],"replies":[{"embeddable":true,"href":"https:\/\/eldiariodesanpedro.com.ar\/sitio\/wp-json\/wp\/v2\/comments?post=14042"}],"version-history":[{"count":1,"href":"https:\/\/eldiariodesanpedro.com.ar\/sitio\/wp-json\/wp\/v2\/posts\/14042\/revisions"}],"predecessor-version":[{"id":14045,"href":"https:\/\/eldiariodesanpedro.com.ar\/sitio\/wp-json\/wp\/v2\/posts\/14042\/revisions\/14045"}],"wp:featuredmedia":[{"embeddable":true,"href":"https:\/\/eldiariodesanpedro.com.ar\/sitio\/wp-json\/wp\/v2\/media\/14044"}],"wp:attachment":[{"href":"https:\/\/eldiariodesanpedro.com.ar\/sitio\/wp-json\/wp\/v2\/media?parent=14042"}],"wp:term":[{"taxonomy":"category","embeddable":true,"href":"https:\/\/eldiariodesanpedro.com.ar\/sitio\/wp-json\/wp\/v2\/categories?post=14042"},{"taxonomy":"post_tag","embeddable":true,"href":"https:\/\/eldiariodesanpedro.com.ar\/sitio\/wp-json\/wp\/v2\/tags?post=14042"}],"curies":[{"name":"wp","href":"https:\/\/api.w.org\/{rel}","templated":true}]}}