{"id":14039,"date":"2017-02-03T20:38:25","date_gmt":"2017-02-03T23:38:25","guid":{"rendered":"https:\/\/eldiariodesanpedro.com.ar\/sitio\/?p=14039"},"modified":"2017-02-03T20:38:25","modified_gmt":"2017-02-03T23:38:25","slug":"baradero-si-esa-planta-no-funciona-gran-parte-de-la-produccion-fruticola-de-la-zona-corre-peligro","status":"publish","type":"post","link":"https:\/\/eldiariodesanpedro.com.ar\/sitio\/baradero-si-esa-planta-no-funciona-gran-parte-de-la-produccion-fruticola-de-la-zona-corre-peligro\/","title":{"rendered":"Baradero: \u00abSi esa planta no funciona gran parte de la producci\u00f3n frut\u00edcola de la zona corre peligro\u201d"},"content":{"rendered":"<p><!-- VideographyWP Plugin Message: Automatic video embedding prevented by plugin options. --><br \/>\nLa intendente Fernanda Antonijevic, habl\u00f3 sobre el resultado de estas reuniones y fue optimista en cuanto a la recuperaci\u00f3n de esta fuente de trabajo y eslab\u00f3n fundamental en la cadena comercial de una de las econom\u00edas regionales.<\/p>\n<p><strong>\u00bfQu\u00e9 va a pasar con esos puestos de trabajo?<\/strong><\/p>\n<p>\u201cNuestra preocupaci\u00f3n tiene que ver por supuesto, porque sabemos que la econom\u00eda domestica de Alsina depende en gran parte de los puestos de trabajo que tiene la planta que supera las 60 familias que viven directamente de lo que la planta, adem\u00e1s del empaque la actividad que realiza la empresa es la de exportaci\u00f3n, para lo cual por supuesto se requiere de est\u00e1ndares muy importantes de calidad y de certificaci\u00f3n -sobre todo en la fruta-, en el caso de la fruta la tecnolog\u00eda va variando de acuerdo a la duraci\u00f3n del viaje, al lugar de entrega, ellos nos comentaban que trabajan con distintos mercados como Rusia, Espa\u00f1a, en fin y el planteo desde nuestro lugar que no somos parte de la empresa y nuestra mayor preocupaci\u00f3n es saber cu\u00e1l es la intenci\u00f3n de la empresa, porque aqu\u00ed la continuidad o no depende de una decisi\u00f3n empresarial\u201d.<\/p>\n<p><strong>\u00bfUstedes que creen que continuar\u00e1?<\/strong><\/p>\n<p>\u201cPor lo que conversamos sentimos que la intenci\u00f3n es continuar, obviamente que van a necesitar ayuda con financiamiento o con alg\u00fan subsidio y adem\u00e1s tambi\u00e9n desde lo laboral, para la empresa es muy importante sostener los puestos de trabajo que tienen por la calificaci\u00f3n en la mano de obra que han logrado en Alsina. Ellos nos dec\u00edan que realmente la calidad del trabajador que han logrado en Alsina es su mayor satisfacci\u00f3n, esto tambi\u00e9n es muy bueno y muy importante para los trabajadores que la empresa los considere como parte fundamental de todo el sistema\u201d.<\/p>\n<p><strong>\u00bfCu\u00e1ntos empelados tiene?<\/strong><\/p>\n<p>\u201cSesenta son de Alsina, pero en realidad la planta tiene gente de Baradero y de San Pedro, en realidad al momento del incendio hab\u00eda en la planta 110 trabajadores. Si esa planta no funciona gran parte de la producci\u00f3n frut\u00edcola de la zona corre peligro. Es el empaque y el proceso de exportaci\u00f3n, entonces el productor de naranja o de durazno que no pueda exportar o que el proceso de empaque y exportaci\u00f3n le cuesta mucho mas por el transporte o por el proceso previo al transporte que requiere la fruta, tambi\u00e9n tiene ah\u00ed sus dudas de s\u00ed sirve o no sostener esta actividad que vemos que lamentablemente se viene cayendo mucho\u201d.   (Fuente: Baradero Te Informa).<\/p>\n","protected":false},"excerpt":{"rendered":"<p>La intendente Fernanda Antonijevic, habl\u00f3 sobre el resultado de estas reuniones y fue optimista en cuanto a la recuperaci\u00f3n de esta fuente de trabajo y eslab\u00f3n fundamental en la cadena comercial de una de las econom\u00edas regionales. \u00bfQu\u00e9 va a pasar con esos puestos de trabajo? \u201cNuestra preocupaci\u00f3n tiene que ver por supuesto, porque sabemos [&hellip;]<\/p>\n","protected":false},"author":4,"featured_media":14040,"comment_status":"open","ping_status":"closed","sticky":false,"template":"","format":"standard","meta":{"om_disable_all_campaigns":false,"_jetpack_memberships_contains_paid_content":false,"footnotes":""},"categories":[621],"tags":[],"class_list":["post-14039","post","type-post","status-publish","format-standard","has-post-thumbnail","hentry","category-regionales"],"aioseo_notices":[],"gutentor_comment":0,"jetpack_featured_media_url":"https:\/\/eldiariodesanpedro.com.ar\/sitio\/wp-content\/uploads\/2017\/02\/ernanda-Antonijevic-intendenta-de-Baradero.jpg","jetpack_shortlink":"https:\/\/wp.me\/p6RhLt-3Er","jetpack_sharing_enabled":true,"_links":{"self":[{"href":"https:\/\/eldiariodesanpedro.com.ar\/sitio\/wp-json\/wp\/v2\/posts\/14039","targetHints":{"allow":["GET"]}}],"collection":[{"href":"https:\/\/eldiariodesanpedro.com.ar\/sitio\/wp-json\/wp\/v2\/posts"}],"about":[{"href":"https:\/\/eldiariodesanpedro.com.ar\/sitio\/wp-json\/wp\/v2\/types\/post"}],"author":[{"embeddable":true,"href":"https:\/\/eldiariodesanpedro.com.ar\/sitio\/wp-json\/wp\/v2\/users\/4"}],"replies":[{"embeddable":true,"href":"https:\/\/eldiariodesanpedro.com.ar\/sitio\/wp-json\/wp\/v2\/comments?post=14039"}],"version-history":[{"count":1,"href":"https:\/\/eldiariodesanpedro.com.ar\/sitio\/wp-json\/wp\/v2\/posts\/14039\/revisions"}],"predecessor-version":[{"id":14041,"href":"https:\/\/eldiariodesanpedro.com.ar\/sitio\/wp-json\/wp\/v2\/posts\/14039\/revisions\/14041"}],"wp:featuredmedia":[{"embeddable":true,"href":"https:\/\/eldiariodesanpedro.com.ar\/sitio\/wp-json\/wp\/v2\/media\/14040"}],"wp:attachment":[{"href":"https:\/\/eldiariodesanpedro.com.ar\/sitio\/wp-json\/wp\/v2\/media?parent=14039"}],"wp:term":[{"taxonomy":"category","embeddable":true,"href":"https:\/\/eldiariodesanpedro.com.ar\/sitio\/wp-json\/wp\/v2\/categories?post=14039"},{"taxonomy":"post_tag","embeddable":true,"href":"https:\/\/eldiariodesanpedro.com.ar\/sitio\/wp-json\/wp\/v2\/tags?post=14039"}],"curies":[{"name":"wp","href":"https:\/\/api.w.org\/{rel}","templated":true}]}}