{"id":14036,"date":"2017-02-03T20:35:14","date_gmt":"2017-02-03T23:35:14","guid":{"rendered":"https:\/\/eldiariodesanpedro.com.ar\/sitio\/?p=14036"},"modified":"2017-02-03T20:35:14","modified_gmt":"2017-02-03T23:35:14","slug":"necesitamos-una-respuesta-rapida-del-ejecutivo-municipal","status":"publish","type":"post","link":"https:\/\/eldiariodesanpedro.com.ar\/sitio\/necesitamos-una-respuesta-rapida-del-ejecutivo-municipal\/","title":{"rendered":"\u00abNecesitamos una respuesta r\u00e1pida del Ejecutivo municipal\u00bb"},"content":{"rendered":"<p><!-- VideographyWP Plugin Message: Automatic video embedding prevented by plugin options. --><br \/>\nEste jueves 2 de febrero, referentes de la Asociaci\u00f3n de Trabajadores del Estado (ATE) brindaron una conferencia de prensa para luego reunirse con el secretario de Gobierno, Silvio Corti, con el objetivo de debatir el incremento salarial para los municipales.<\/p>\n<p>\u00abYa pedimos al Ejecutivo municipal que se siente con nosotros para empezar a negociar lo que ser\u00eda el aumento salarial para este a\u00f1o, queremos dejar asentado que nosotros no nos vamos amoldar a lo que dicen en la provincia , que quiere hacer una bajada de l\u00ednea la gobernadora tanto para naci\u00f3n como municipio. Vamos a buscar el mejor aumento posible\u00bb, dijo Gustavo Gauna, del sindicato local. <\/p>\n<p>Gauna sigui\u00f3 agregando que tambi\u00e9n les va a pedir que se regularice el tema de los precarizados, que en las \u00faltimas asambleas han recorrido el palacio municipal como el corral\u00f3n tambi\u00e9n y \u201chay gente de hace 6 a\u00f1os y pedimos que sean los primeros en pasar a planta\u201d. <\/p>\n<p>Se aclar\u00f3 que no est\u00e1n de acuerdo con el 18 % que quiere bajar la Provincia para todo el a\u00f1o y pagarlo en cuotas.<br \/>\nTambi\u00e9n habl\u00f3 Oscar S\u00e1nchez, referente provincial, quien aclar\u00f3 que no son un gremio opositor, sino un gremio de representaci\u00f3n de los trabajadores. En ese sentido dijo: \u00abNo vamos aceptar un techo en paritarias como lo sugiere la gobernadora Vidal para todos los municipios, sino que tambi\u00e9n vamos a exigir que se termine la precarizaci\u00f3n laboral\u201d.<\/p>\n","protected":false},"excerpt":{"rendered":"<p>Este jueves 2 de febrero, referentes de la Asociaci\u00f3n de Trabajadores del Estado (ATE) brindaron una conferencia de prensa para luego reunirse con el secretario de Gobierno, Silvio Corti, con el objetivo de debatir el incremento salarial para los municipales. \u00abYa pedimos al Ejecutivo municipal que se siente con nosotros para empezar a negociar lo [&hellip;]<\/p>\n","protected":false},"author":4,"featured_media":14037,"comment_status":"open","ping_status":"closed","sticky":false,"template":"","format":"standard","meta":{"om_disable_all_campaigns":false,"_jetpack_memberships_contains_paid_content":false,"footnotes":""},"categories":[2,102],"tags":[],"class_list":["post-14036","post","type-post","status-publish","format-standard","has-post-thumbnail","hentry","category-locales","category-politica-locales"],"aioseo_notices":[],"gutentor_comment":0,"jetpack_featured_media_url":"https:\/\/eldiariodesanpedro.com.ar\/sitio\/wp-content\/uploads\/2017\/02\/ATE-bandera.jpg","jetpack_shortlink":"https:\/\/wp.me\/p6RhLt-3Eo","jetpack_sharing_enabled":true,"_links":{"self":[{"href":"https:\/\/eldiariodesanpedro.com.ar\/sitio\/wp-json\/wp\/v2\/posts\/14036","targetHints":{"allow":["GET"]}}],"collection":[{"href":"https:\/\/eldiariodesanpedro.com.ar\/sitio\/wp-json\/wp\/v2\/posts"}],"about":[{"href":"https:\/\/eldiariodesanpedro.com.ar\/sitio\/wp-json\/wp\/v2\/types\/post"}],"author":[{"embeddable":true,"href":"https:\/\/eldiariodesanpedro.com.ar\/sitio\/wp-json\/wp\/v2\/users\/4"}],"replies":[{"embeddable":true,"href":"https:\/\/eldiariodesanpedro.com.ar\/sitio\/wp-json\/wp\/v2\/comments?post=14036"}],"version-history":[{"count":1,"href":"https:\/\/eldiariodesanpedro.com.ar\/sitio\/wp-json\/wp\/v2\/posts\/14036\/revisions"}],"predecessor-version":[{"id":14038,"href":"https:\/\/eldiariodesanpedro.com.ar\/sitio\/wp-json\/wp\/v2\/posts\/14036\/revisions\/14038"}],"wp:featuredmedia":[{"embeddable":true,"href":"https:\/\/eldiariodesanpedro.com.ar\/sitio\/wp-json\/wp\/v2\/media\/14037"}],"wp:attachment":[{"href":"https:\/\/eldiariodesanpedro.com.ar\/sitio\/wp-json\/wp\/v2\/media?parent=14036"}],"wp:term":[{"taxonomy":"category","embeddable":true,"href":"https:\/\/eldiariodesanpedro.com.ar\/sitio\/wp-json\/wp\/v2\/categories?post=14036"},{"taxonomy":"post_tag","embeddable":true,"href":"https:\/\/eldiariodesanpedro.com.ar\/sitio\/wp-json\/wp\/v2\/tags?post=14036"}],"curies":[{"name":"wp","href":"https:\/\/api.w.org\/{rel}","templated":true}]}}