{"id":140336,"date":"2025-05-21T22:29:16","date_gmt":"2025-05-22T01:29:16","guid":{"rendered":"https:\/\/eldiariodesanpedro.com.ar\/sitio\/?p=140336"},"modified":"2025-05-21T22:29:20","modified_gmt":"2025-05-22T01:29:20","slug":"muestra-fotografica-y-conversatorio-sobre-patrimonio-urbano-y-arquitectonico","status":"publish","type":"post","link":"https:\/\/eldiariodesanpedro.com.ar\/sitio\/muestra-fotografica-y-conversatorio-sobre-patrimonio-urbano-y-arquitectonico\/","title":{"rendered":"Muestra fotogr\u00e1fica y conversatorio sobre patrimonio urbano y arquitect\u00f3nico"},"content":{"rendered":"<!-- VideographyWP Plugin Message: Automatic video embedding prevented by plugin options. -->\n\n<p>El <strong>Sal\u00f3n Dorado del Honorable Concejo Deliberante<\/strong> se convertir\u00e1 en punto de encuentro para los amantes de la historia y la arquitectura este <strong>viernes 23 y s\u00e1bado 24 de mayo<\/strong>, con una <strong>muestra fotogr\u00e1fica y un conversatorio<\/strong> dedicados al <strong>patrimonio hist\u00f3rico, urbano y arquitect\u00f3nico local<\/strong>.<\/p>\n\n\n\n<p>El evento, de <strong>acceso libre y gratuito<\/strong>, cuenta con el auspicio del <strong>Colegio de Arquitectos de la Provincia de Buenos Aires, Distrito 6<\/strong>, y la colaboraci\u00f3n de instituciones locales como el <strong>Centro de Arquitectos de San Pedro<\/strong>, <strong>Amigos del Patrimonio Cultural de San Pedro<\/strong> y <strong>Proyecto Patrimonio Verde<\/strong> (Asociaci\u00f3n Amigos del Centro de Estudios Hist\u00f3ricos de San Pedro).<\/p>\n\n\n\n<h3 class=\"wp-block-heading\">Programa de actividades<\/h3>\n\n\n\n<p>Las actividades comenzar\u00e1n el <strong>viernes 23 de mayo a las 19:00 horas<\/strong>, con una <strong>jornada inaugural centrada en el patrimonio arquitect\u00f3nico local<\/strong>, enriquecida con <strong>experiencias compartidas desde la ciudad de Pergamino<\/strong>.<\/p>\n\n\n\n<p>Durante el evento, el <strong>Proyecto Patrimonio Verde<\/strong> presentar\u00e1 una exposici\u00f3n detallada de los <strong>trabajos realizados<\/strong> y los <strong>proyectos planificados para este a\u00f1o<\/strong>, reafirmando su compromiso con la <strong>preservaci\u00f3n del entorno hist\u00f3rico<\/strong>.<\/p>\n\n\n\n<p>La noche tambi\u00e9n incluir\u00e1 la <strong>inauguraci\u00f3n de una muestra fotogr\u00e1fica hist\u00f3rica<\/strong> de San Pedro, con im\u00e1genes cedidas por los <strong>Amigos del Patrimonio Cultural de San Pedro<\/strong>. Esta exposici\u00f3n permanecer\u00e1 abierta al p\u00fablico el <strong>s\u00e1bado 24 de mayo, de 18:00 a 21:00 horas<\/strong>.<\/p>\n\n\n\n<p><strong>#SanPedro #PatrimonioCultural #ArquitecturaHist\u00f3rica #MuestraFotogr\u00e1fica #ProyectoPatrimonioVerde #CentroDeArquitectos #CulturaLocal #EventosSanPedro<\/strong><\/p>\n","protected":false},"excerpt":{"rendered":"<p>El Sal\u00f3n Dorado del Honorable Concejo Deliberante se convertir\u00e1 en punto de encuentro para los amantes de la historia y la arquitectura este viernes 23 y s\u00e1bado 24 de mayo, con una muestra fotogr\u00e1fica y un conversatorio dedicados al patrimonio hist\u00f3rico, urbano y arquitect\u00f3nico local. El evento, de acceso libre y gratuito, cuenta con el [&hellip;]<\/p>\n","protected":false},"author":4,"featured_media":140337,"comment_status":"closed","ping_status":"closed","sticky":false,"template":"","format":"standard","meta":{"om_disable_all_campaigns":false,"_jetpack_memberships_contains_paid_content":false,"footnotes":""},"categories":[101,2],"tags":[],"class_list":["post-140336","post","type-post","status-publish","format-standard","has-post-thumbnail","hentry","category-interes-general-locales","category-locales"],"aioseo_notices":[],"gutentor_comment":0,"jetpack_featured_media_url":"https:\/\/eldiariodesanpedro.com.ar\/sitio\/wp-content\/uploads\/2025\/05\/Conversatorio-y-exposicion-.jpg","jetpack_shortlink":"https:\/\/wp.me\/p6RhLt-Avu","jetpack_sharing_enabled":true,"_links":{"self":[{"href":"https:\/\/eldiariodesanpedro.com.ar\/sitio\/wp-json\/wp\/v2\/posts\/140336","targetHints":{"allow":["GET"]}}],"collection":[{"href":"https:\/\/eldiariodesanpedro.com.ar\/sitio\/wp-json\/wp\/v2\/posts"}],"about":[{"href":"https:\/\/eldiariodesanpedro.com.ar\/sitio\/wp-json\/wp\/v2\/types\/post"}],"author":[{"embeddable":true,"href":"https:\/\/eldiariodesanpedro.com.ar\/sitio\/wp-json\/wp\/v2\/users\/4"}],"replies":[{"embeddable":true,"href":"https:\/\/eldiariodesanpedro.com.ar\/sitio\/wp-json\/wp\/v2\/comments?post=140336"}],"version-history":[{"count":1,"href":"https:\/\/eldiariodesanpedro.com.ar\/sitio\/wp-json\/wp\/v2\/posts\/140336\/revisions"}],"predecessor-version":[{"id":140338,"href":"https:\/\/eldiariodesanpedro.com.ar\/sitio\/wp-json\/wp\/v2\/posts\/140336\/revisions\/140338"}],"wp:featuredmedia":[{"embeddable":true,"href":"https:\/\/eldiariodesanpedro.com.ar\/sitio\/wp-json\/wp\/v2\/media\/140337"}],"wp:attachment":[{"href":"https:\/\/eldiariodesanpedro.com.ar\/sitio\/wp-json\/wp\/v2\/media?parent=140336"}],"wp:term":[{"taxonomy":"category","embeddable":true,"href":"https:\/\/eldiariodesanpedro.com.ar\/sitio\/wp-json\/wp\/v2\/categories?post=140336"},{"taxonomy":"post_tag","embeddable":true,"href":"https:\/\/eldiariodesanpedro.com.ar\/sitio\/wp-json\/wp\/v2\/tags?post=140336"}],"curies":[{"name":"wp","href":"https:\/\/api.w.org\/{rel}","templated":true}]}}