{"id":14033,"date":"2017-02-03T20:28:14","date_gmt":"2017-02-03T23:28:14","guid":{"rendered":"https:\/\/eldiariodesanpedro.com.ar\/sitio\/?p=14033"},"modified":"2017-02-03T20:28:14","modified_gmt":"2017-02-03T23:28:14","slug":"voy-a-terminar-vendiendo-mi-casa-por-dos-motos","status":"publish","type":"post","link":"https:\/\/eldiariodesanpedro.com.ar\/sitio\/voy-a-terminar-vendiendo-mi-casa-por-dos-motos\/","title":{"rendered":"\u00abVoy a terminar vendiendo mi casa por dos motos\u00bb"},"content":{"rendered":"<p><!-- VideographyWP Plugin Message: Automatic video embedding prevented by plugin options. --><br \/>\nJimena Petroni es una ciudadana de nuestra localidad que ejerce un cargo de oficial de polic\u00eda en la ciudad de Luj\u00e1n. V\u00edctima de violencia y amenazas, nos cuenta su situaci\u00f3n en una entrevista exclusiva a nuestro medio.<\/p>\n<p>Ella vive en el barrio Villa Igoillo y su pap\u00e1 se encontraba viviendo en el barrio Las Malvinas hace m\u00e1s de 20 a\u00f1os. All\u00ed, hace 3 meses fue brutalmente golpeado con una botella en su cabeza, en la v\u00eda p\u00fablica antes de ingresar a su casa. La agresi\u00f3n lo dej\u00f3 en terapia intensiva. <\/p>\n<p>Luego de lo ocurrido, Jimena decide hacerse cargo de la casa y nos cuenta que tuvo que cambiar cerraduras y poner candados porque la persona que lo hab\u00eda asaltado ten\u00eda sus llaves. A los dos o tres d\u00edas de ir todos los d\u00edas al barrio y verla con su uniforme de trabajo, empezaron las amenazas de vecinos: le ped\u00edan que vendiera droga, inclusive le mandaron una \u00abbolsita de porro\u00bb, o ten\u00eda que retirarse del lugar amenazada de que iban a da\u00f1ar a su hija y a su familia. Jimena vuelve a la comisar\u00eda a hacer la denuncia (ya hab\u00eda realizado otras denuncias por los robos de su pap\u00e1). <\/p>\n<p>\u201cEllos se manejan as\u00ed, asustan a los vecinos del barrio para que vos dejes la casa y te vayas, entonces ellos la usurpan, despu\u00e9s la venden y con eso se manejan con el tema de drogas\u00bb, cont\u00f3 Jimena, y agreg\u00f3 que a la casa la pint\u00f3, le compr\u00f3 accesorios nuevos, le puso rejas y a la noche siguiente se encuentra con que le hab\u00edan robado todo y a la casa de al lado tambi\u00e9n, sac\u00e1ndole hasta la grifer\u00eda del interior. \u00abLa chica termina vendiendo la casa al d\u00eda siguiente a otra gente que vive en Saavedra al fondo por dos motos, eso es lo que vengo a comentar, o sea qu\u00e9 es lo que est\u00e1 pasando, entreg\u00e1s tu vivienda por nada porque esta gente te asusta, mi viejo vivi\u00f3 veinte a\u00f1os en la casita, laburaba de tapicero y ahora lo tengo por un ACV en mi casa y por culpa de esta gente que nos amenaza constantemente que no podemos ir y tengo que terminar haciendo lo mismo que esta chica, entregar mi casa por nada\u201d, cuestiona Jimena. <\/p>\n<p>Y con toda su angustia e impotencia agrega: \u00abQuiero exigirle al intendente Cecilio Salazar o al que sea que me d\u00e9 una respuesta de cu\u00e1l es el juego o la jueza que le dio al \u00e9l la prisi\u00f3n domiciliaria, porque yo cuando quise actuar en contra de esta persona no pude porque me perjudica en mi trabajo\u00bb . \u201cD\u00f3nde est\u00e1n mis derechos humanos, ellos tienen derechos humanos como delincuentes, entonces \u00bfqu\u00e9 tengo que hacer?, \u00bfvolverme delincuente?, no puedo usar la pistola reglamentaria, \u00bfme tengo que comprar otra aparte, ir y matarlos y ser una delincuente m\u00e1s?\u00bb, se pregunta Jimena con mucho enojo. <\/p>\n<p>En la entrevista, le preguntamos qui\u00e9n ser\u00eda la persona que domina el barrio y est\u00e1 con prisi\u00f3n domiciliaria, y nos contest\u00f3: \u00abEs de apellido Mesiades, vecino de la casa de mi pap\u00e1. La ultima vez que fui hacer la denuncia el oficial de servicio me dijo que pensara en fr\u00edo y vaya y derribe mi casa para que no se meta nadie. Entonces qu\u00e9 es esto: es el pa\u00eds del rev\u00e9s, esta persona est\u00e1 por homicidio, es un delincuente peligroso\u00bb. <\/p>\n<p>Mientras intentaba tranquilizarse por su angustia reflexionaba: \u00abDios te devuelve siete veces lo que el enemigo te quita, pero quiero que alguien se haga cargo, no solamente por m\u00ed, por mi familia, por mi pap\u00e1, sino por el resto de la sociedad de San Pedro, quiero una respuesta como ciudadana, no como oficial de polic\u00eda, sino como ser humano, como vecina, que nos ayudemos entre todos, porque estas cosas no pueden estar pasando en nuestra ciudad\u201d.<\/p>\n","protected":false},"excerpt":{"rendered":"<p>Jimena Petroni es una ciudadana de nuestra localidad que ejerce un cargo de oficial de polic\u00eda en la ciudad de Luj\u00e1n. V\u00edctima de violencia y amenazas, nos cuenta su situaci\u00f3n en una entrevista exclusiva a nuestro medio. Ella vive en el barrio Villa Igoillo y su pap\u00e1 se encontraba viviendo en el barrio Las Malvinas [&hellip;]<\/p>\n","protected":false},"author":4,"featured_media":14034,"comment_status":"open","ping_status":"closed","sticky":false,"template":"","format":"standard","meta":{"om_disable_all_campaigns":false,"_jetpack_memberships_contains_paid_content":false,"footnotes":""},"categories":[50,101,2],"tags":[],"class_list":["post-14033","post","type-post","status-publish","format-standard","has-post-thumbnail","hentry","category-destacadas","category-interes-general-locales","category-locales"],"aioseo_notices":[],"gutentor_comment":0,"jetpack_featured_media_url":"https:\/\/eldiariodesanpedro.com.ar\/sitio\/wp-content\/uploads\/2017\/02\/Jimena-cansada-de-este-problema-decidi\u00f3-recurrir-a-los-medios..jpg","jetpack_shortlink":"https:\/\/wp.me\/p6RhLt-3El","jetpack_sharing_enabled":true,"_links":{"self":[{"href":"https:\/\/eldiariodesanpedro.com.ar\/sitio\/wp-json\/wp\/v2\/posts\/14033","targetHints":{"allow":["GET"]}}],"collection":[{"href":"https:\/\/eldiariodesanpedro.com.ar\/sitio\/wp-json\/wp\/v2\/posts"}],"about":[{"href":"https:\/\/eldiariodesanpedro.com.ar\/sitio\/wp-json\/wp\/v2\/types\/post"}],"author":[{"embeddable":true,"href":"https:\/\/eldiariodesanpedro.com.ar\/sitio\/wp-json\/wp\/v2\/users\/4"}],"replies":[{"embeddable":true,"href":"https:\/\/eldiariodesanpedro.com.ar\/sitio\/wp-json\/wp\/v2\/comments?post=14033"}],"version-history":[{"count":1,"href":"https:\/\/eldiariodesanpedro.com.ar\/sitio\/wp-json\/wp\/v2\/posts\/14033\/revisions"}],"predecessor-version":[{"id":14035,"href":"https:\/\/eldiariodesanpedro.com.ar\/sitio\/wp-json\/wp\/v2\/posts\/14033\/revisions\/14035"}],"wp:featuredmedia":[{"embeddable":true,"href":"https:\/\/eldiariodesanpedro.com.ar\/sitio\/wp-json\/wp\/v2\/media\/14034"}],"wp:attachment":[{"href":"https:\/\/eldiariodesanpedro.com.ar\/sitio\/wp-json\/wp\/v2\/media?parent=14033"}],"wp:term":[{"taxonomy":"category","embeddable":true,"href":"https:\/\/eldiariodesanpedro.com.ar\/sitio\/wp-json\/wp\/v2\/categories?post=14033"},{"taxonomy":"post_tag","embeddable":true,"href":"https:\/\/eldiariodesanpedro.com.ar\/sitio\/wp-json\/wp\/v2\/tags?post=14033"}],"curies":[{"name":"wp","href":"https:\/\/api.w.org\/{rel}","templated":true}]}}