{"id":14030,"date":"2017-02-03T20:08:41","date_gmt":"2017-02-03T23:08:41","guid":{"rendered":"https:\/\/eldiariodesanpedro.com.ar\/sitio\/?p=14030"},"modified":"2017-02-03T20:08:41","modified_gmt":"2017-02-03T23:08:41","slug":"repararon-la-alcantarilla-rota-en-el-camino-a-vuelta-de-obligado","status":"publish","type":"post","link":"https:\/\/eldiariodesanpedro.com.ar\/sitio\/repararon-la-alcantarilla-rota-en-el-camino-a-vuelta-de-obligado\/","title":{"rendered":"Repararon la alcantarilla rota en el camino a Vuelta de Obligado"},"content":{"rendered":"<p><!-- VideographyWP Plugin Message: Automatic video embedding prevented by plugin options. --><br \/>\nPersonal de Vialidad Provincial trabaj\u00f3 durante la ma\u00f1ana en la reparaci\u00f3n de la alcantarilla aliviadora en Lucio Mansilla  que se hab\u00eda da\u00f1ado en la zona de el \u201cbajo de Laiz\u201d.<\/p>\n<p>Se rellen\u00f3 con tosca, que provey\u00f3 la Direcci\u00f3n de Servicios P\u00fablicos, la zona que hab\u00eda sufrido el socavamiento de la tierra, en unos de los laterales que sostiene la estructura.<\/p>\n<p>Cabe recordar que producto de el gran caudal de agua que ha circulado por la zona luego de los fuertes temporales del a\u00f1o pasado y principio del 2017, la pared lateral se hab\u00eda visto seriamente da\u00f1ada e inclusive se hab\u00eda producido un hueco  debajo del camino.<\/p>\n<p>En tanto que tambi\u00e9n se har\u00e1 la reparaci\u00f3n de los dos puentes que se encuentran antes del ingreso a Vuelta de Obligado.<\/p>\n<p>El tr\u00e1nsito fue habilitado luego de finalizadas las tareas en el lugar.<\/p>\n","protected":false},"excerpt":{"rendered":"<p>Personal de Vialidad Provincial trabaj\u00f3 durante la ma\u00f1ana en la reparaci\u00f3n de la alcantarilla aliviadora en Lucio Mansilla que se hab\u00eda da\u00f1ado en la zona de el \u201cbajo de Laiz\u201d. Se rellen\u00f3 con tosca, que provey\u00f3 la Direcci\u00f3n de Servicios P\u00fablicos, la zona que hab\u00eda sufrido el socavamiento de la tierra, en unos de los [&hellip;]<\/p>\n","protected":false},"author":4,"featured_media":14031,"comment_status":"open","ping_status":"closed","sticky":false,"template":"","format":"standard","meta":{"om_disable_all_campaigns":false,"_jetpack_memberships_contains_paid_content":false,"footnotes":""},"categories":[101,2],"tags":[],"class_list":["post-14030","post","type-post","status-publish","format-standard","has-post-thumbnail","hentry","category-interes-general-locales","category-locales"],"aioseo_notices":[],"gutentor_comment":0,"jetpack_featured_media_url":"https:\/\/eldiariodesanpedro.com.ar\/sitio\/wp-content\/uploads\/2017\/02\/Repararon-la-alcantarilla-rota-en-el-camino-a-Vuelta-de-Obligado.jpg","jetpack_shortlink":"https:\/\/wp.me\/p6RhLt-3Ei","jetpack_sharing_enabled":true,"_links":{"self":[{"href":"https:\/\/eldiariodesanpedro.com.ar\/sitio\/wp-json\/wp\/v2\/posts\/14030","targetHints":{"allow":["GET"]}}],"collection":[{"href":"https:\/\/eldiariodesanpedro.com.ar\/sitio\/wp-json\/wp\/v2\/posts"}],"about":[{"href":"https:\/\/eldiariodesanpedro.com.ar\/sitio\/wp-json\/wp\/v2\/types\/post"}],"author":[{"embeddable":true,"href":"https:\/\/eldiariodesanpedro.com.ar\/sitio\/wp-json\/wp\/v2\/users\/4"}],"replies":[{"embeddable":true,"href":"https:\/\/eldiariodesanpedro.com.ar\/sitio\/wp-json\/wp\/v2\/comments?post=14030"}],"version-history":[{"count":1,"href":"https:\/\/eldiariodesanpedro.com.ar\/sitio\/wp-json\/wp\/v2\/posts\/14030\/revisions"}],"predecessor-version":[{"id":14032,"href":"https:\/\/eldiariodesanpedro.com.ar\/sitio\/wp-json\/wp\/v2\/posts\/14030\/revisions\/14032"}],"wp:featuredmedia":[{"embeddable":true,"href":"https:\/\/eldiariodesanpedro.com.ar\/sitio\/wp-json\/wp\/v2\/media\/14031"}],"wp:attachment":[{"href":"https:\/\/eldiariodesanpedro.com.ar\/sitio\/wp-json\/wp\/v2\/media?parent=14030"}],"wp:term":[{"taxonomy":"category","embeddable":true,"href":"https:\/\/eldiariodesanpedro.com.ar\/sitio\/wp-json\/wp\/v2\/categories?post=14030"},{"taxonomy":"post_tag","embeddable":true,"href":"https:\/\/eldiariodesanpedro.com.ar\/sitio\/wp-json\/wp\/v2\/tags?post=14030"}],"curies":[{"name":"wp","href":"https:\/\/api.w.org\/{rel}","templated":true}]}}