{"id":14027,"date":"2017-02-03T20:05:18","date_gmt":"2017-02-03T23:05:18","guid":{"rendered":"https:\/\/eldiariodesanpedro.com.ar\/sitio\/?p=14027"},"modified":"2017-02-03T20:05:18","modified_gmt":"2017-02-03T23:05:18","slug":"nuevo-patrullero-para-santa-lucia","status":"publish","type":"post","link":"https:\/\/eldiariodesanpedro.com.ar\/sitio\/nuevo-patrullero-para-santa-lucia\/","title":{"rendered":"Nuevo patrullero para Santa Luc\u00eda"},"content":{"rendered":"<p><!-- VideographyWP Plugin Message: Automatic video embedding prevented by plugin options. --><br \/>\nLa nueva unidad lleg\u00f3 a la ciudad se trata de una Toyota Hilux, que se incorpora al destacamento de la localidad. Se realiz\u00f3 una presentaci\u00f3n ante la prensa local, encabezada por el Intendente Salazar, quien estuvo acompa\u00f1ado del Secretario de Seguridad Eduardo Roleri, el de Gobierno Silvio Corti, el de Econom\u00eda Sanchez Negrete, el de Legal y T\u00e9cnica Ram\u00f3n Salazar, tambi\u00e9n estuvo presente el Director de Coordinaci\u00f3n Policial, Juan Carlos Ag\u00fcero, el Jefe Departamental Dante Paolini, entre otros.<\/p>\n<p>\u201cHemos conseguido un m\u00f3vil para Santa Luc\u00eda, si bien es usado tiene apenas 5000 kil\u00f3metros. Es una acci\u00f3n que hemos hecho en forma conjunta con Dante Paolini (Jefe Departamental) en realidad es un m\u00f3vil que \u00e9l ven\u00eda solicitando hace tiempo y nosotros simplemente algunos llamados telef\u00f3nicos\u201d, dijo el Intendente Salazar.<\/p>\n<p>\u201cEs importante, en estos momentos estamos con algunos problemas en Santa Luc\u00eda, que es de p\u00fablico conocimiento, as\u00ed que es muy importante para nosotros que hayamos logrado esto\u201d sostuvo el mandatario y agreg\u00f3: \u201cDe todos modos iba a llegar, tal vez los hechos ocurrieron motiv\u00f3 que estos acelerara\u201d.<\/p>\n<p>\u201cTrabajamos para que esto vaya mejorando paulatinamente y que podamos darle la tranquilidad que la gente realmente necesita no solamente lo que Santa Luc\u00eda sino tambi\u00e9n lo que San Pedro en general\u201d.<\/p>\n<p>En tanto que ante la consulta si se hab\u00edan solicitado cambios de la autoridades de la polic\u00eda local, afirm\u00f3: \u201cNo, eso depende de la gente del ministerio creo que se est\u00e1 cumpliendo una buena funci\u00f3n ac\u00e1 en San Pedro\u201d.<\/p>\n<p>Luego sostuvo: \u201cNos falta gente, nos falta m\u00e1s polic\u00edas ac\u00e1 y eso es una de las cosas que venimos reclamando. Se ha comprometido con migo el ministro que nos van a devolver lo m\u00e1s pronto posible a los chicos de la Polic\u00eda Local. Me dijeron que para la mitad de febrero nos van a enviar As\u00ed que eso va ayudar a contribuir a que podamos seguir mejorando\u201d.<\/p>\n<p>Por su parte Paolini, manifest\u00f3: \u201cEsto no deja de ser parte de otros m\u00f3viles asignados a los municipios y no me adjudico el hecho que el m\u00f3vil est\u00e9 ac\u00e1. Es un plan de fortalecimiento que el Ministerio de Seguridad\u201d. Y asegur\u00f3 que no vino por los hechos que ocurrieron los \u00faltimos tiempos en la localidad.<\/p>\n<p>En relaci\u00f3n a lo ocurrido el s\u00e1bado pasado donde un vecino de Santa Luc\u00eda sufri\u00f3 un grave il\u00edcito, asever\u00f3: \u201cEs un hecho que estamos investigando\u201d.<\/p>\n<p>En cuanto a la falta de efectivos, asever\u00f3: \u201cEl refuerzo de personal va a venir una vez finalizado el operativo sol y la reasignaci\u00f3n de personal Piedad l\u00f3gicamente a cargo de del Ministerio de seguridad\u201d.<\/p>\n","protected":false},"excerpt":{"rendered":"<p>La nueva unidad lleg\u00f3 a la ciudad se trata de una Toyota Hilux, que se incorpora al destacamento de la localidad. Se realiz\u00f3 una presentaci\u00f3n ante la prensa local, encabezada por el Intendente Salazar, quien estuvo acompa\u00f1ado del Secretario de Seguridad Eduardo Roleri, el de Gobierno Silvio Corti, el de Econom\u00eda Sanchez Negrete, el de [&hellip;]<\/p>\n","protected":false},"author":4,"featured_media":14028,"comment_status":"open","ping_status":"closed","sticky":false,"template":"","format":"standard","meta":{"om_disable_all_campaigns":false,"_jetpack_memberships_contains_paid_content":false,"footnotes":""},"categories":[2,102],"tags":[],"class_list":["post-14027","post","type-post","status-publish","format-standard","has-post-thumbnail","hentry","category-locales","category-politica-locales"],"aioseo_notices":[],"gutentor_comment":0,"jetpack_featured_media_url":"https:\/\/eldiariodesanpedro.com.ar\/sitio\/wp-content\/uploads\/2017\/02\/El-nuevo-patrullero-que-fue-destinado-a-la-localidad..jpg","jetpack_shortlink":"https:\/\/wp.me\/p6RhLt-3Ef","jetpack_sharing_enabled":true,"_links":{"self":[{"href":"https:\/\/eldiariodesanpedro.com.ar\/sitio\/wp-json\/wp\/v2\/posts\/14027","targetHints":{"allow":["GET"]}}],"collection":[{"href":"https:\/\/eldiariodesanpedro.com.ar\/sitio\/wp-json\/wp\/v2\/posts"}],"about":[{"href":"https:\/\/eldiariodesanpedro.com.ar\/sitio\/wp-json\/wp\/v2\/types\/post"}],"author":[{"embeddable":true,"href":"https:\/\/eldiariodesanpedro.com.ar\/sitio\/wp-json\/wp\/v2\/users\/4"}],"replies":[{"embeddable":true,"href":"https:\/\/eldiariodesanpedro.com.ar\/sitio\/wp-json\/wp\/v2\/comments?post=14027"}],"version-history":[{"count":1,"href":"https:\/\/eldiariodesanpedro.com.ar\/sitio\/wp-json\/wp\/v2\/posts\/14027\/revisions"}],"predecessor-version":[{"id":14029,"href":"https:\/\/eldiariodesanpedro.com.ar\/sitio\/wp-json\/wp\/v2\/posts\/14027\/revisions\/14029"}],"wp:featuredmedia":[{"embeddable":true,"href":"https:\/\/eldiariodesanpedro.com.ar\/sitio\/wp-json\/wp\/v2\/media\/14028"}],"wp:attachment":[{"href":"https:\/\/eldiariodesanpedro.com.ar\/sitio\/wp-json\/wp\/v2\/media?parent=14027"}],"wp:term":[{"taxonomy":"category","embeddable":true,"href":"https:\/\/eldiariodesanpedro.com.ar\/sitio\/wp-json\/wp\/v2\/categories?post=14027"},{"taxonomy":"post_tag","embeddable":true,"href":"https:\/\/eldiariodesanpedro.com.ar\/sitio\/wp-json\/wp\/v2\/tags?post=14027"}],"curies":[{"name":"wp","href":"https:\/\/api.w.org\/{rel}","templated":true}]}}