{"id":14021,"date":"2017-02-03T14:18:47","date_gmt":"2017-02-03T17:18:47","guid":{"rendered":"https:\/\/eldiariodesanpedro.com.ar\/sitio\/?p=14021"},"modified":"2017-02-03T18:00:22","modified_gmt":"2017-02-03T21:00:22","slug":"una-mujer-se-resistio-a-entregar-su-moto-y-se-fue-a-hacer-una-denuncia-a-la-fiscalia","status":"publish","type":"post","link":"https:\/\/eldiariodesanpedro.com.ar\/sitio\/una-mujer-se-resistio-a-entregar-su-moto-y-se-fue-a-hacer-una-denuncia-a-la-fiscalia\/","title":{"rendered":"Una mujer se resisti\u00f3 a entregar su moto y se fue a hacer una denuncia a la fiscal\u00eda."},"content":{"rendered":"<p><!-- VideographyWP Plugin Message: Automatic video embedding prevented by plugin options. --><br \/>\nEn el medio d\u00eda de hoy cercanas las 12:00 hs. En la esquina de Balcarce y Mitre,  se produjo un altercado entre una oficial de Polic\u00eda Local  y una mujer que hab\u00eda mal estacionado su motocicleta.  <\/p>\n<p>Los oficiales de la polic\u00eda local solicitaron a esta persona y su pareja que presenten papeles de su moto para poder constatar que no presentaba pedido de secuestro activo, recibiendo por parte de la mujer que conduc\u00eda la moto un negativa y agresiones de verbales resistiendose a la autoridad, cuando la uniformada femenina intenta aprehender a esta persona es golpeada por la misma.  En el momento est\u00e1 persona abandona el veh\u00edculo d\u00e1ndose a la fuga diciendo que iba a denunciar por agresi\u00f3n y llendo a la Fiscal\u00eda a hacer la misma. <\/p>\n<p>El veh\u00edculo fue retenido por los inspectores que se hicieron presente en el lugar labrandole al marido que se qued\u00f3 en el lugar, las multas correspondientes.  <\/p>\n","protected":false},"excerpt":{"rendered":"<p>En el medio d\u00eda de hoy cercanas las 12:00 hs. En la esquina de Balcarce y Mitre, se produjo un altercado entre una oficial de Polic\u00eda Local y una mujer que hab\u00eda mal estacionado su motocicleta. Los oficiales de la polic\u00eda local solicitaron a esta persona y su pareja que presenten papeles de su moto [&hellip;]<\/p>\n","protected":false},"author":4,"featured_media":14023,"comment_status":"open","ping_status":"closed","sticky":false,"template":"","format":"standard","meta":{"om_disable_all_campaigns":false,"_jetpack_memberships_contains_paid_content":false,"footnotes":""},"categories":[50,2,103],"tags":[],"class_list":["post-14021","post","type-post","status-publish","format-standard","has-post-thumbnail","hentry","category-destacadas","category-locales","category-policiales-locales"],"aioseo_notices":[],"gutentor_comment":0,"jetpack_featured_media_url":"https:\/\/eldiariodesanpedro.com.ar\/sitio\/wp-content\/uploads\/2017\/02\/IMG_20170203_121934344-e1486155607655.jpg","jetpack_shortlink":"https:\/\/wp.me\/p6RhLt-3E9","jetpack_sharing_enabled":true,"_links":{"self":[{"href":"https:\/\/eldiariodesanpedro.com.ar\/sitio\/wp-json\/wp\/v2\/posts\/14021","targetHints":{"allow":["GET"]}}],"collection":[{"href":"https:\/\/eldiariodesanpedro.com.ar\/sitio\/wp-json\/wp\/v2\/posts"}],"about":[{"href":"https:\/\/eldiariodesanpedro.com.ar\/sitio\/wp-json\/wp\/v2\/types\/post"}],"author":[{"embeddable":true,"href":"https:\/\/eldiariodesanpedro.com.ar\/sitio\/wp-json\/wp\/v2\/users\/4"}],"replies":[{"embeddable":true,"href":"https:\/\/eldiariodesanpedro.com.ar\/sitio\/wp-json\/wp\/v2\/comments?post=14021"}],"version-history":[{"count":1,"href":"https:\/\/eldiariodesanpedro.com.ar\/sitio\/wp-json\/wp\/v2\/posts\/14021\/revisions"}],"predecessor-version":[{"id":14024,"href":"https:\/\/eldiariodesanpedro.com.ar\/sitio\/wp-json\/wp\/v2\/posts\/14021\/revisions\/14024"}],"wp:featuredmedia":[{"embeddable":true,"href":"https:\/\/eldiariodesanpedro.com.ar\/sitio\/wp-json\/wp\/v2\/media\/14023"}],"wp:attachment":[{"href":"https:\/\/eldiariodesanpedro.com.ar\/sitio\/wp-json\/wp\/v2\/media?parent=14021"}],"wp:term":[{"taxonomy":"category","embeddable":true,"href":"https:\/\/eldiariodesanpedro.com.ar\/sitio\/wp-json\/wp\/v2\/categories?post=14021"},{"taxonomy":"post_tag","embeddable":true,"href":"https:\/\/eldiariodesanpedro.com.ar\/sitio\/wp-json\/wp\/v2\/tags?post=14021"}],"curies":[{"name":"wp","href":"https:\/\/api.w.org\/{rel}","templated":true}]}}