{"id":14018,"date":"2017-02-03T12:58:13","date_gmt":"2017-02-03T15:58:13","guid":{"rendered":"https:\/\/eldiariodesanpedro.com.ar\/sitio\/?p=14018"},"modified":"2017-02-03T13:00:16","modified_gmt":"2017-02-03T16:00:16","slug":"accidente-de-transito-entre-una-bicicleta-y-un-auto","status":"publish","type":"post","link":"https:\/\/eldiariodesanpedro.com.ar\/sitio\/accidente-de-transito-entre-una-bicicleta-y-un-auto\/","title":{"rendered":"Accidente de transito entre una bicicleta y un auto"},"content":{"rendered":"<p><!-- VideographyWP Plugin Message: Automatic video embedding prevented by plugin options. --><br \/>\nEn el medio d\u00eda de hoy alrededor de las 12:30 se produjo un accidente de transito en la intersecci\u00f3n de 25 de Mayo y Ayacucho, donde se vieron involucrados una bicicleta estilo mountain bike marca Olmos, conducida por una joven de alrededor de 20 a\u00f1os de edad la cual fue colisionada cuando iba cruzando la bocacalle por un autom\u00f3vil Renaul Clio Negro conducido por una se\u00f1ora mayor de 60 a\u00f1os.<\/p>\n<p>La joven no sufri\u00f3 heridas de consideraci\u00f3n y se encontraba solo con golpes y raspones.<\/p>\n","protected":false},"excerpt":{"rendered":"<p>En el medio d\u00eda de hoy alrededor de las 12:30 se produjo un accidente de transito en la intersecci\u00f3n de 25 de Mayo y Ayacucho, donde se vieron involucrados una bicicleta estilo mountain bike marca Olmos, conducida por una joven de alrededor de 20 a\u00f1os de edad la cual fue colisionada cuando iba cruzando la [&hellip;]<\/p>\n","protected":false},"author":4,"featured_media":14019,"comment_status":"open","ping_status":"closed","sticky":false,"template":"","format":"standard","meta":{"om_disable_all_campaigns":false,"_jetpack_memberships_contains_paid_content":false,"footnotes":""},"categories":[50,2,103],"tags":[],"class_list":["post-14018","post","type-post","status-publish","format-standard","has-post-thumbnail","hentry","category-destacadas","category-locales","category-policiales-locales"],"aioseo_notices":[],"gutentor_comment":0,"jetpack_featured_media_url":"https:\/\/eldiariodesanpedro.com.ar\/sitio\/wp-content\/uploads\/2017\/02\/DSC_0092-e1486137179519.jpg","jetpack_shortlink":"https:\/\/wp.me\/p6RhLt-3E6","jetpack_sharing_enabled":true,"_links":{"self":[{"href":"https:\/\/eldiariodesanpedro.com.ar\/sitio\/wp-json\/wp\/v2\/posts\/14018","targetHints":{"allow":["GET"]}}],"collection":[{"href":"https:\/\/eldiariodesanpedro.com.ar\/sitio\/wp-json\/wp\/v2\/posts"}],"about":[{"href":"https:\/\/eldiariodesanpedro.com.ar\/sitio\/wp-json\/wp\/v2\/types\/post"}],"author":[{"embeddable":true,"href":"https:\/\/eldiariodesanpedro.com.ar\/sitio\/wp-json\/wp\/v2\/users\/4"}],"replies":[{"embeddable":true,"href":"https:\/\/eldiariodesanpedro.com.ar\/sitio\/wp-json\/wp\/v2\/comments?post=14018"}],"version-history":[{"count":1,"href":"https:\/\/eldiariodesanpedro.com.ar\/sitio\/wp-json\/wp\/v2\/posts\/14018\/revisions"}],"predecessor-version":[{"id":14020,"href":"https:\/\/eldiariodesanpedro.com.ar\/sitio\/wp-json\/wp\/v2\/posts\/14018\/revisions\/14020"}],"wp:featuredmedia":[{"embeddable":true,"href":"https:\/\/eldiariodesanpedro.com.ar\/sitio\/wp-json\/wp\/v2\/media\/14019"}],"wp:attachment":[{"href":"https:\/\/eldiariodesanpedro.com.ar\/sitio\/wp-json\/wp\/v2\/media?parent=14018"}],"wp:term":[{"taxonomy":"category","embeddable":true,"href":"https:\/\/eldiariodesanpedro.com.ar\/sitio\/wp-json\/wp\/v2\/categories?post=14018"},{"taxonomy":"post_tag","embeddable":true,"href":"https:\/\/eldiariodesanpedro.com.ar\/sitio\/wp-json\/wp\/v2\/tags?post=14018"}],"curies":[{"name":"wp","href":"https:\/\/api.w.org\/{rel}","templated":true}]}}