{"id":14014,"date":"2017-02-03T09:56:43","date_gmt":"2017-02-03T12:56:43","guid":{"rendered":"https:\/\/eldiariodesanpedro.com.ar\/sitio\/?p=14014"},"modified":"2017-02-03T10:01:11","modified_gmt":"2017-02-03T13:01:11","slug":"incremento-del-costo-de-la-energia-electrica-en-el-mercado-mayorista","status":"publish","type":"post","link":"https:\/\/eldiariodesanpedro.com.ar\/sitio\/incremento-del-costo-de-la-energia-electrica-en-el-mercado-mayorista\/","title":{"rendered":"Incremento del costo de la energ\u00eda el\u00e9ctrica en el mercado mayorista"},"content":{"rendered":"<p><!-- VideographyWP Plugin Message: Automatic video embedding prevented by plugin options. --><br \/>\nCOOPSER informa que a partir del 1\u00b0 de Febrero de 2017 entr\u00f3 en vigencia la Resoluci\u00f3n SEE 20 E\/17 del Ministerio de Energ\u00eda e implementada por el gobierno nacional, estableciendo nuevos valores para la compra de energ\u00eda en el mercado mayorista. <\/p>\n<p>A partir de la misma, los distribuidores como nuestra Cooperativa deber\u00e1n pagar el incremento comprendido en tal resoluci\u00f3n.<\/p>\n<p>El cuadro tarifario que COOPSER deber\u00e1 aplicar en la facturaci\u00f3n a los asociados ser\u00e1 determinado en breve por la Secretar\u00eda de Energ\u00eda de la Provincia de Buenos Aires a trav\u00e9s del OCEBA, Organismo de Control de Energ\u00eda El\u00e9ctrica de la Provincia de Buenos Aires. <\/p>\n<p>Seg\u00fan c\u00e1lculos estimativos COOPSER deber\u00e1 abonar $ 5.000.000 m\u00e1s por un consumo similar al mismo per\u00edodo del mes anterior.<\/p>\n<p>Por tal motivo y a los efectos de atenuar el impacto que este aumento tendr\u00e1 en la facturaci\u00f3n, se recomienda considerar un consumo racional de la energ\u00eda y todas aquellas medidas que pueden reducir o controlar la demanda, especialmente en los domicilios. <\/p>\n<p>En cuanto se reciba el cuadro tarifario que deber\u00e1 ser aplicado,  se realizar\u00e1 la comunicaci\u00f3n correspondiente.<\/p>\n<p>Informaci\u00f3n de inter\u00e9s sobre recomendaciones para reducir el consumo de energ\u00eda <a href=\"https:\/\/www.minem.gob.ar\/prensa\/25987\/que-puedo-hacer-para-mejorar-el-consumo-electrico-en-mi-casa.html\">AQUI<\/a><\/p>\n<div class=\"fb-video\" data-allowfullscreen=\"true\" data-href=\"https:\/\/www.facebook.com\/eldiario.desanpedro\/videos\/571096146432862\/\" style=\"background-color: #fff; display: inline-block;\"><\/div>\n","protected":false},"excerpt":{"rendered":"<p>COOPSER informa que a partir del 1\u00b0 de Febrero de 2017 entr\u00f3 en vigencia la Resoluci\u00f3n SEE 20 E\/17 del Ministerio de Energ\u00eda e implementada por el gobierno nacional, estableciendo nuevos valores para la compra de energ\u00eda en el mercado mayorista. A partir de la misma, los distribuidores como nuestra Cooperativa deber\u00e1n pagar el incremento [&hellip;]<\/p>\n","protected":false},"author":4,"featured_media":2576,"comment_status":"open","ping_status":"closed","sticky":false,"template":"","format":"standard","meta":{"om_disable_all_campaigns":false,"_jetpack_memberships_contains_paid_content":false,"footnotes":""},"categories":[101,2],"tags":[],"class_list":["post-14014","post","type-post","status-publish","format-standard","has-post-thumbnail","hentry","category-interes-general-locales","category-locales"],"aioseo_notices":[],"gutentor_comment":0,"jetpack_featured_media_url":"https:\/\/eldiariodesanpedro.com.ar\/sitio\/wp-content\/uploads\/2016\/03\/coopser_notisanpedro_3.jpg","jetpack_shortlink":"https:\/\/wp.me\/p6RhLt-3E2","jetpack_sharing_enabled":true,"_links":{"self":[{"href":"https:\/\/eldiariodesanpedro.com.ar\/sitio\/wp-json\/wp\/v2\/posts\/14014","targetHints":{"allow":["GET"]}}],"collection":[{"href":"https:\/\/eldiariodesanpedro.com.ar\/sitio\/wp-json\/wp\/v2\/posts"}],"about":[{"href":"https:\/\/eldiariodesanpedro.com.ar\/sitio\/wp-json\/wp\/v2\/types\/post"}],"author":[{"embeddable":true,"href":"https:\/\/eldiariodesanpedro.com.ar\/sitio\/wp-json\/wp\/v2\/users\/4"}],"replies":[{"embeddable":true,"href":"https:\/\/eldiariodesanpedro.com.ar\/sitio\/wp-json\/wp\/v2\/comments?post=14014"}],"version-history":[{"count":3,"href":"https:\/\/eldiariodesanpedro.com.ar\/sitio\/wp-json\/wp\/v2\/posts\/14014\/revisions"}],"predecessor-version":[{"id":14017,"href":"https:\/\/eldiariodesanpedro.com.ar\/sitio\/wp-json\/wp\/v2\/posts\/14014\/revisions\/14017"}],"wp:featuredmedia":[{"embeddable":true,"href":"https:\/\/eldiariodesanpedro.com.ar\/sitio\/wp-json\/wp\/v2\/media\/2576"}],"wp:attachment":[{"href":"https:\/\/eldiariodesanpedro.com.ar\/sitio\/wp-json\/wp\/v2\/media?parent=14014"}],"wp:term":[{"taxonomy":"category","embeddable":true,"href":"https:\/\/eldiariodesanpedro.com.ar\/sitio\/wp-json\/wp\/v2\/categories?post=14014"},{"taxonomy":"post_tag","embeddable":true,"href":"https:\/\/eldiariodesanpedro.com.ar\/sitio\/wp-json\/wp\/v2\/tags?post=14014"}],"curies":[{"name":"wp","href":"https:\/\/api.w.org\/{rel}","templated":true}]}}