{"id":14011,"date":"2017-02-03T09:52:18","date_gmt":"2017-02-03T12:52:18","guid":{"rendered":"https:\/\/eldiariodesanpedro.com.ar\/sitio\/?p=14011"},"modified":"2017-02-03T09:52:18","modified_gmt":"2017-02-03T12:52:18","slug":"fueron-trasladados-brea-fernandez-y-bomba-gallardo","status":"publish","type":"post","link":"https:\/\/eldiariodesanpedro.com.ar\/sitio\/fueron-trasladados-brea-fernandez-y-bomba-gallardo\/","title":{"rendered":"Fueron trasladados \u00abBrea\u00bb Fernandez y \u00abBomba\u00bb Gallardo"},"content":{"rendered":"<p><!-- VideographyWP Plugin Message: Automatic video embedding prevented by plugin options. --><br \/>\nEn la ma\u00f1ana de hoy fueron trasladados por disposici\u00f3n de la fiscalia N\u00ba 1 de San Nicolas, los tres detenidos por narcotrafico en el d\u00eda de ayer durante el gran operativo llevado a cabo en la vecina localidad de Vuelta de Obligado y nuestra ciudad.<\/p>\n<p>Oscar Leonardo \u00abBrea\u00bb Fern\u00e1ndez, el sampedrino, conocido por su participaci\u00f3n en diversos y violentos episodios, fue detenido ayer en Juan B. Justo al 400 en el marco de una serie de allanamientos en la zona donde tambi\u00e9n apresaron a Juan Carlos \u00abBomba\u00bb Gallardo, su esposa Laura Quinteros y una tercera persona que viajaba con ellos.<\/p>\n<p>Despu\u00e9s de una larga invetigaci\u00f3n se llevo a cabo a la aprehensi\u00f3n de de Juan Carlos Gallardo quien viv\u00eda en la ciudad de Vuelta de Obligado junto a su mujer y quien era sospechado de ser el l\u00edder de una banda que operaba en la regi\u00f3n.<\/p>\n","protected":false},"excerpt":{"rendered":"<p>En la ma\u00f1ana de hoy fueron trasladados por disposici\u00f3n de la fiscalia N\u00ba 1 de San Nicolas, los tres detenidos por narcotrafico en el d\u00eda de ayer durante el gran operativo llevado a cabo en la vecina localidad de Vuelta de Obligado y nuestra ciudad. Oscar Leonardo \u00abBrea\u00bb Fern\u00e1ndez, el sampedrino, conocido por su participaci\u00f3n [&hellip;]<\/p>\n","protected":false},"author":4,"featured_media":14012,"comment_status":"open","ping_status":"closed","sticky":false,"template":"","format":"standard","meta":{"om_disable_all_campaigns":false,"_jetpack_memberships_contains_paid_content":false,"footnotes":""},"categories":[50,2,103],"tags":[],"class_list":["post-14011","post","type-post","status-publish","format-standard","has-post-thumbnail","hentry","category-destacadas","category-locales","category-policiales-locales"],"aioseo_notices":[],"gutentor_comment":1,"jetpack_featured_media_url":"https:\/\/eldiariodesanpedro.com.ar\/sitio\/wp-content\/uploads\/2017\/02\/DSC_0098-e1486126322300.jpg","jetpack_shortlink":"https:\/\/wp.me\/p6RhLt-3DZ","jetpack_sharing_enabled":true,"_links":{"self":[{"href":"https:\/\/eldiariodesanpedro.com.ar\/sitio\/wp-json\/wp\/v2\/posts\/14011","targetHints":{"allow":["GET"]}}],"collection":[{"href":"https:\/\/eldiariodesanpedro.com.ar\/sitio\/wp-json\/wp\/v2\/posts"}],"about":[{"href":"https:\/\/eldiariodesanpedro.com.ar\/sitio\/wp-json\/wp\/v2\/types\/post"}],"author":[{"embeddable":true,"href":"https:\/\/eldiariodesanpedro.com.ar\/sitio\/wp-json\/wp\/v2\/users\/4"}],"replies":[{"embeddable":true,"href":"https:\/\/eldiariodesanpedro.com.ar\/sitio\/wp-json\/wp\/v2\/comments?post=14011"}],"version-history":[{"count":1,"href":"https:\/\/eldiariodesanpedro.com.ar\/sitio\/wp-json\/wp\/v2\/posts\/14011\/revisions"}],"predecessor-version":[{"id":14013,"href":"https:\/\/eldiariodesanpedro.com.ar\/sitio\/wp-json\/wp\/v2\/posts\/14011\/revisions\/14013"}],"wp:featuredmedia":[{"embeddable":true,"href":"https:\/\/eldiariodesanpedro.com.ar\/sitio\/wp-json\/wp\/v2\/media\/14012"}],"wp:attachment":[{"href":"https:\/\/eldiariodesanpedro.com.ar\/sitio\/wp-json\/wp\/v2\/media?parent=14011"}],"wp:term":[{"taxonomy":"category","embeddable":true,"href":"https:\/\/eldiariodesanpedro.com.ar\/sitio\/wp-json\/wp\/v2\/categories?post=14011"},{"taxonomy":"post_tag","embeddable":true,"href":"https:\/\/eldiariodesanpedro.com.ar\/sitio\/wp-json\/wp\/v2\/tags?post=14011"}],"curies":[{"name":"wp","href":"https:\/\/api.w.org\/{rel}","templated":true}]}}