{"id":14007,"date":"2017-02-03T08:35:49","date_gmt":"2017-02-03T11:35:49","guid":{"rendered":"https:\/\/eldiariodesanpedro.com.ar\/sitio\/?p=14007"},"modified":"2017-02-03T09:17:40","modified_gmt":"2017-02-03T12:17:40","slug":"cortado-el-transito-totalmente-en-camino-a-vuelta-de-obligado","status":"publish","type":"post","link":"https:\/\/eldiariodesanpedro.com.ar\/sitio\/cortado-el-transito-totalmente-en-camino-a-vuelta-de-obligado\/","title":{"rendered":"Cortado el tr\u00e1nsito totalmente en camino a Vuelta de Obligado"},"content":{"rendered":"<p><!-- VideographyWP Plugin Message: Automatic video embedding prevented by plugin options. --><br \/>\nLa municipalidad informa que se encuentra cortado el tr\u00e1nsito totalmente en el camino a Vuelta de Obligado y Gobernado Castro, debido a que vialidad se encuentra trabajando en el puente de \u00abbajo de Laiz\u00bb que hace unas semanas atr\u00e1s habr\u00eda cedido y se tem\u00eda por su posible derrumbe. Se espera que en horas del medio dia ya se pueda volver a circular.<\/p>\n","protected":false},"excerpt":{"rendered":"<p>La municipalidad informa que se encuentra cortado el tr\u00e1nsito totalmente en el camino a Vuelta de Obligado y Gobernado Castro, debido a que vialidad se encuentra trabajando en el puente de \u00abbajo de Laiz\u00bb que hace unas semanas atr\u00e1s habr\u00eda cedido y se tem\u00eda por su posible derrumbe. Se espera que en horas del medio [&hellip;]<\/p>\n","protected":false},"author":4,"featured_media":13571,"comment_status":"open","ping_status":"closed","sticky":false,"template":"","format":"standard","meta":{"om_disable_all_campaigns":false,"_jetpack_memberships_contains_paid_content":false,"footnotes":""},"categories":[50,101,2],"tags":[],"class_list":["post-14007","post","type-post","status-publish","format-standard","has-post-thumbnail","hentry","category-destacadas","category-interes-general-locales","category-locales"],"aioseo_notices":[],"gutentor_comment":0,"jetpack_featured_media_url":"https:\/\/eldiariodesanpedro.com.ar\/sitio\/wp-content\/uploads\/2017\/01\/El-agua-demoli\u00f3-una-de-las-paredes-laterales..jpg","jetpack_shortlink":"https:\/\/wp.me\/p6RhLt-3DV","jetpack_sharing_enabled":true,"_links":{"self":[{"href":"https:\/\/eldiariodesanpedro.com.ar\/sitio\/wp-json\/wp\/v2\/posts\/14007","targetHints":{"allow":["GET"]}}],"collection":[{"href":"https:\/\/eldiariodesanpedro.com.ar\/sitio\/wp-json\/wp\/v2\/posts"}],"about":[{"href":"https:\/\/eldiariodesanpedro.com.ar\/sitio\/wp-json\/wp\/v2\/types\/post"}],"author":[{"embeddable":true,"href":"https:\/\/eldiariodesanpedro.com.ar\/sitio\/wp-json\/wp\/v2\/users\/4"}],"replies":[{"embeddable":true,"href":"https:\/\/eldiariodesanpedro.com.ar\/sitio\/wp-json\/wp\/v2\/comments?post=14007"}],"version-history":[{"count":3,"href":"https:\/\/eldiariodesanpedro.com.ar\/sitio\/wp-json\/wp\/v2\/posts\/14007\/revisions"}],"predecessor-version":[{"id":14010,"href":"https:\/\/eldiariodesanpedro.com.ar\/sitio\/wp-json\/wp\/v2\/posts\/14007\/revisions\/14010"}],"wp:featuredmedia":[{"embeddable":true,"href":"https:\/\/eldiariodesanpedro.com.ar\/sitio\/wp-json\/wp\/v2\/media\/13571"}],"wp:attachment":[{"href":"https:\/\/eldiariodesanpedro.com.ar\/sitio\/wp-json\/wp\/v2\/media?parent=14007"}],"wp:term":[{"taxonomy":"category","embeddable":true,"href":"https:\/\/eldiariodesanpedro.com.ar\/sitio\/wp-json\/wp\/v2\/categories?post=14007"},{"taxonomy":"post_tag","embeddable":true,"href":"https:\/\/eldiariodesanpedro.com.ar\/sitio\/wp-json\/wp\/v2\/tags?post=14007"}],"curies":[{"name":"wp","href":"https:\/\/api.w.org\/{rel}","templated":true}]}}