{"id":14003,"date":"2017-02-02T21:20:21","date_gmt":"2017-02-03T00:20:21","guid":{"rendered":"https:\/\/eldiariodesanpedro.com.ar\/sitio\/?p=14003"},"modified":"2017-02-02T21:20:21","modified_gmt":"2017-02-03T00:20:21","slug":"venezuela-el-parlamento-aprobo-la-creacion-del-consejo-de-emergencia-para-combatir-el-desabastecimiento","status":"publish","type":"post","link":"https:\/\/eldiariodesanpedro.com.ar\/sitio\/venezuela-el-parlamento-aprobo-la-creacion-del-consejo-de-emergencia-para-combatir-el-desabastecimiento\/","title":{"rendered":"VENEZUELA: El Parlamento aprob\u00f3 la creaci\u00f3n del Consejo de Emergencia para combatir el desabastecimiento"},"content":{"rendered":"<p><!-- VideographyWP Plugin Message: Automatic video embedding prevented by plugin options. --><br \/>\n(Infobae) &#8211; El tiempo pasa y la situaci\u00f3n en Venezuela es cada vez m\u00e1s alarmante. Mientras el chavismo mantiene su presi\u00f3n sobre la oposici\u00f3n y responsabiliza a actores externos por la crisis del pa\u00eds, la Asamblea Nacional, de mayor\u00eda opositora, aprob\u00f3 hoy una propuesta para combatir la crisis alimentaria.<\/p>\n<p>   Esta consiste en la creaci\u00f3n de un Consejo de Emergencia Agroalimentaria, cuyo objetivo es hacer frente al profundo desabastecimiento que afecta desde hace tiempo al pa\u00eds caribe\u00f1o.<\/p>\n<p>   Tras la aprobaci\u00f3n en el Parlamento, en 30 d\u00edas se debe acordar un plan de emergencia, seg\u00fan consigna El Nacional.<\/p>\n<p>   \u00abEste Consejo estar\u00e1 conformado por el gobierno nacional, la Asamblea Nacional y los distintos sectores que se encargan de la producci\u00f3n, distribuci\u00f3n y comercializaci\u00f3n de los alimentos en el pa\u00eds\u00bb, se\u00f1ala el documento de la propuesta, que fue le\u00eddo por Jos\u00e9 Ignacio Gu\u00e9dez, secretario del Parlamento.<\/p>\n<p>   Esta propuesta, que estar\u00e1 sustentada en un instrumento legal, ser\u00e1 debatida en la AN.<\/p>\n<p>   El diputado Carlos Paparoni, quien puso en debate un informe realizado por una comisi\u00f3n especial que estudi\u00f3 la crisis alimentaria en 2016, cit\u00f3 a Freddy Bernal, vocero del chavismo, quien el a\u00f1o pasado asegur\u00f3 que se hab\u00edan distribuido 364.000 toneladas de alimentos.<\/p>\n<p>   \u00abEso representa 10 d\u00edas para el consumo nacional\u00bb, fustig\u00f3 Paparoni.<\/p>\n<p>   \u00abAdem\u00e1s, cuando usted divide esa cantidad de alimentos entre los dos millones de familias, que se supone recibieron, da 36 kilos por cada ciudadano, un 10% de lo que necesitan comer los venezolanos al a\u00f1o\u00bb, explic\u00f3.<\/p>\n<p>   Manuela Bol\u00edvar, tambi\u00e9n diputada opositora, apel\u00f3 al informe realizado por la comisi\u00f3n especial para alertar sobre c\u00f3mo afecta esta preocupante a los menores. \u00abLa crisis alimentaria ha causado que 18 de cada 100 ni\u00f1os tengan problemas en su desarrollo. Estos son ni\u00f1os que por m\u00e1s que se les d\u00e9 complementos, no van a poder alcanzar su nivel de rendimiento \u00f3ptimo\u00bb.<\/p>\n","protected":false},"excerpt":{"rendered":"<p>(Infobae) &#8211; El tiempo pasa y la situaci\u00f3n en Venezuela es cada vez m\u00e1s alarmante. Mientras el chavismo mantiene su presi\u00f3n sobre la oposici\u00f3n y responsabiliza a actores externos por la crisis del pa\u00eds, la Asamblea Nacional, de mayor\u00eda opositora, aprob\u00f3 hoy una propuesta para combatir la crisis alimentaria. Esta consiste en la creaci\u00f3n de [&hellip;]<\/p>\n","protected":false},"author":4,"featured_media":14004,"comment_status":"open","ping_status":"closed","sticky":false,"template":"","format":"standard","meta":{"om_disable_all_campaigns":false,"_jetpack_memberships_contains_paid_content":false,"footnotes":""},"categories":[2],"tags":[],"class_list":["post-14003","post","type-post","status-publish","format-standard","has-post-thumbnail","hentry","category-locales"],"aioseo_notices":[],"gutentor_comment":0,"jetpack_featured_media_url":"https:\/\/eldiariodesanpedro.com.ar\/sitio\/wp-content\/uploads\/2017\/02\/Venezuela.jpg","jetpack_shortlink":"https:\/\/wp.me\/p6RhLt-3DR","jetpack_sharing_enabled":true,"_links":{"self":[{"href":"https:\/\/eldiariodesanpedro.com.ar\/sitio\/wp-json\/wp\/v2\/posts\/14003","targetHints":{"allow":["GET"]}}],"collection":[{"href":"https:\/\/eldiariodesanpedro.com.ar\/sitio\/wp-json\/wp\/v2\/posts"}],"about":[{"href":"https:\/\/eldiariodesanpedro.com.ar\/sitio\/wp-json\/wp\/v2\/types\/post"}],"author":[{"embeddable":true,"href":"https:\/\/eldiariodesanpedro.com.ar\/sitio\/wp-json\/wp\/v2\/users\/4"}],"replies":[{"embeddable":true,"href":"https:\/\/eldiariodesanpedro.com.ar\/sitio\/wp-json\/wp\/v2\/comments?post=14003"}],"version-history":[{"count":1,"href":"https:\/\/eldiariodesanpedro.com.ar\/sitio\/wp-json\/wp\/v2\/posts\/14003\/revisions"}],"predecessor-version":[{"id":14005,"href":"https:\/\/eldiariodesanpedro.com.ar\/sitio\/wp-json\/wp\/v2\/posts\/14003\/revisions\/14005"}],"wp:featuredmedia":[{"embeddable":true,"href":"https:\/\/eldiariodesanpedro.com.ar\/sitio\/wp-json\/wp\/v2\/media\/14004"}],"wp:attachment":[{"href":"https:\/\/eldiariodesanpedro.com.ar\/sitio\/wp-json\/wp\/v2\/media?parent=14003"}],"wp:term":[{"taxonomy":"category","embeddable":true,"href":"https:\/\/eldiariodesanpedro.com.ar\/sitio\/wp-json\/wp\/v2\/categories?post=14003"},{"taxonomy":"post_tag","embeddable":true,"href":"https:\/\/eldiariodesanpedro.com.ar\/sitio\/wp-json\/wp\/v2\/tags?post=14003"}],"curies":[{"name":"wp","href":"https:\/\/api.w.org\/{rel}","templated":true}]}}