{"id":14000,"date":"2017-02-02T21:18:03","date_gmt":"2017-02-03T00:18:03","guid":{"rendered":"https:\/\/eldiariodesanpedro.com.ar\/sitio\/?p=14000"},"modified":"2017-02-02T21:18:03","modified_gmt":"2017-02-03T00:18:03","slug":"trump-dejara-entrar-solo-a-los-inmigrantes-que-amen-a-eeuu","status":"publish","type":"post","link":"https:\/\/eldiariodesanpedro.com.ar\/sitio\/trump-dejara-entrar-solo-a-los-inmigrantes-que-amen-a-eeuu\/","title":{"rendered":"Trump dejar\u00e1 entrar solo a los inmigrantes que \u00abamen\u00bb a EEUU"},"content":{"rendered":"<p><!-- VideographyWP Plugin Message: Automatic video embedding prevented by plugin options. --><br \/>\n(T\u00e9lam) &#8211; Una vez m\u00e1s, Trump, ech\u00f3 nafta al tenso debate provocado por sus pol\u00edticas migratorias. Tambi\u00e9n prometi\u00f3 que quiere tener terminado el muro con M\u00e9xico en dos a\u00f1os.<\/p>\n<p>   Una vez m\u00e1s, el flamante presidente de Estados Unidos, Donald Trump, ech\u00f3 nafta este jueves al tenso debate nacional provocado por sus pol\u00edticas migratorias y prometi\u00f3 que solo permitir\u00e1 la entrada al pa\u00eds a los inmigrantes que \u00abnos aman a nosotros y a nuestros valores\u00bb.<\/p>\n<p>   \u00abEstados Unidos tiene el sistema de inmigraci\u00f3n m\u00e1s generoso del mundo, pero hay quienes se aprovechan de la generosidad\u00bb, sentenci\u00f3 Trump durante el Desayuno Nacional de Oraci\u00f3n, un acto que mezcla pol\u00edtica y religi\u00f3n, y que se celebra tradicionalmente en Washington el primer jueves de febrero.<\/p>\n<p>   \u00abLa libertad religiosa es sagrada y todo estadounidense tiene el derecho de profesar la fe en la cual cree. Pero quienes vengan a Estados Unidos deben respetar nuestros valores\u00bb, agreg\u00f3, citado por la agencia de noticias ANSA.<\/p>\n<p>   Adem\u00e1s, el otro migratorio que m\u00e1s irrita a los opositores del flamante presidente, dentro y fuera del pa\u00eds, es la extensi\u00f3n del muro fronterizo sur sobre todo el l\u00edmite con M\u00e9xico. El nuevo jefe de Seguridad Nacional de Estados Unidos, John Kelly, adelant\u00f3 que quiere tener terminado el muro en un per\u00edodo m\u00e1ximo de dos a\u00f1os.<\/p>\n<p>   El ex general de cuatro estrellas, considerado un referente del ala m\u00e1s dura de las fuerzas en lo que a la seguridad fronteriza se refiere, tambi\u00e9n anunci\u00f3 que la construcci\u00f3n del muro comenzar\u00e1 en apenas unos meses, aunque no especific\u00f3 una fecha concreta, seg\u00fan la agencia de noticias DPA.<\/p>\n<p>   Kelly reconoci\u00f3 que el gobierno del presidente Trump est\u00e1 estudiando todav\u00eda c\u00f3mo financiar un proyecto de tal envergadura, dado que la frontera entre los dos pa\u00edses tiene casi 3.200 kil\u00f3metros de largo.<\/p>\n","protected":false},"excerpt":{"rendered":"<p>(T\u00e9lam) &#8211; Una vez m\u00e1s, Trump, ech\u00f3 nafta al tenso debate provocado por sus pol\u00edticas migratorias. Tambi\u00e9n prometi\u00f3 que quiere tener terminado el muro con M\u00e9xico en dos a\u00f1os. Una vez m\u00e1s, el flamante presidente de Estados Unidos, Donald Trump, ech\u00f3 nafta este jueves al tenso debate nacional provocado por sus pol\u00edticas migratorias y prometi\u00f3 [&hellip;]<\/p>\n","protected":false},"author":4,"featured_media":14001,"comment_status":"open","ping_status":"closed","sticky":false,"template":"","format":"standard","meta":{"om_disable_all_campaigns":false,"_jetpack_memberships_contains_paid_content":false,"footnotes":""},"categories":[2],"tags":[],"class_list":["post-14000","post","type-post","status-publish","format-standard","has-post-thumbnail","hentry","category-locales"],"aioseo_notices":[],"gutentor_comment":0,"jetpack_featured_media_url":"https:\/\/eldiariodesanpedro.com.ar\/sitio\/wp-content\/uploads\/2017\/02\/EEUU.jpg","jetpack_shortlink":"https:\/\/wp.me\/p6RhLt-3DO","jetpack_sharing_enabled":true,"_links":{"self":[{"href":"https:\/\/eldiariodesanpedro.com.ar\/sitio\/wp-json\/wp\/v2\/posts\/14000","targetHints":{"allow":["GET"]}}],"collection":[{"href":"https:\/\/eldiariodesanpedro.com.ar\/sitio\/wp-json\/wp\/v2\/posts"}],"about":[{"href":"https:\/\/eldiariodesanpedro.com.ar\/sitio\/wp-json\/wp\/v2\/types\/post"}],"author":[{"embeddable":true,"href":"https:\/\/eldiariodesanpedro.com.ar\/sitio\/wp-json\/wp\/v2\/users\/4"}],"replies":[{"embeddable":true,"href":"https:\/\/eldiariodesanpedro.com.ar\/sitio\/wp-json\/wp\/v2\/comments?post=14000"}],"version-history":[{"count":1,"href":"https:\/\/eldiariodesanpedro.com.ar\/sitio\/wp-json\/wp\/v2\/posts\/14000\/revisions"}],"predecessor-version":[{"id":14002,"href":"https:\/\/eldiariodesanpedro.com.ar\/sitio\/wp-json\/wp\/v2\/posts\/14000\/revisions\/14002"}],"wp:featuredmedia":[{"embeddable":true,"href":"https:\/\/eldiariodesanpedro.com.ar\/sitio\/wp-json\/wp\/v2\/media\/14001"}],"wp:attachment":[{"href":"https:\/\/eldiariodesanpedro.com.ar\/sitio\/wp-json\/wp\/v2\/media?parent=14000"}],"wp:term":[{"taxonomy":"category","embeddable":true,"href":"https:\/\/eldiariodesanpedro.com.ar\/sitio\/wp-json\/wp\/v2\/categories?post=14000"},{"taxonomy":"post_tag","embeddable":true,"href":"https:\/\/eldiariodesanpedro.com.ar\/sitio\/wp-json\/wp\/v2\/tags?post=14000"}],"curies":[{"name":"wp","href":"https:\/\/api.w.org\/{rel}","templated":true}]}}