{"id":13994,"date":"2017-02-02T20:51:52","date_gmt":"2017-02-02T23:51:52","guid":{"rendered":"https:\/\/eldiariodesanpedro.com.ar\/sitio\/?p=13994"},"modified":"2017-02-02T20:51:52","modified_gmt":"2017-02-02T23:51:52","slug":"la-cgt-anuncio-un-paro-general-para-fines-de-marzo","status":"publish","type":"post","link":"https:\/\/eldiariodesanpedro.com.ar\/sitio\/la-cgt-anuncio-un-paro-general-para-fines-de-marzo\/","title":{"rendered":"La CGT anunci\u00f3 un paro general para fines de marzo"},"content":{"rendered":"<p><!-- VideographyWP Plugin Message: Automatic video embedding prevented by plugin options. --><br \/>\n(Minutouno) &#8211; El 7 de marzo habr\u00e1 una movilizaci\u00f3n de los gremios industriales al Ministerio de Producci\u00f3n y a fines de ese mismo mes, en fecha a definir, tendr\u00e1 lugar un paro general a partir del mediod\u00eda.<\/p>\n<p>   El triunvirato que conduce la reunificada CGT anunci\u00f3 su decisi\u00f3n de no volver a participar m\u00e1s de las Mesas de Di\u00e1logo para la Producci\u00f3n y el Trabajo debido a la pasividad del gobierno de Mauricio Macri ante el incumplimiento por parte de las c\u00e1maras empresariales de los puntos acordados en esos encuentros.<\/p>\n<p>   Tras la reuni\u00f3n del Consejo Directivo de la CGT, H\u00e9ctor Daer, Juan Carlos Schmid y Carlos Acu\u00f1a anunciaron adem\u00e1s una movilizaci\u00f3n de todos los gremios de la industria para el pr\u00f3ximo 7 de marzo a las puertas del ministerio de Producci\u00f3n.<\/p>\n<p>   Y anticiparon la realizaci\u00f3n del varias veces anunciado pero siempre postergado paro nacional. En ese sentido anunciaron un paro general en una fecha todav\u00eda a definir de la segunda quincena de marzo. El paro y movilizaci\u00f3n, a la que se sumar\u00e1n las organizaciones sociales, no ser\u00e1 por 24 hs. sino que comenzar\u00e1 a partir del mediod\u00eda.<\/p>\n<p>   \u00abEl paro es en defensa del trabajo y la producci\u00f3n. En defensa de las paritarias libre. En defensa de los convenios colectivos de trabajo. En defensa del sistema previsional, de salud y de la seguridad social. En defensa de la Educaci\u00f3n. Y en contra de la flexibilizaci\u00f3n laboral y el aumento indiscriminado de tarifas\u00bb se\u00f1al\u00f3 Daer.<\/p>\n<p>   Schmid por parte fue tajante: \u00abEl di\u00e1logo est\u00e1 roto en la medida en que el gobierno no reaccione y tenga otro enfoque econ\u00f3mico. Este gobierno sigue generando incertidumbre en los trabajadores, las tarifas siguen subiendo ye so est\u00e1 erosionando el poder adquisitivo del salario\u00bb.<\/p>\n<p>   \u00abYa hubo muchos compromisos y no se cumpli\u00f3 con ninguno -sigui\u00f3 a su vez Acu\u00f1a- todo lo que se convers\u00f3 y firm\u00f3 no se cumpli\u00f3 ni de parte de los empresarios ni del gobierno nacional. Est\u00e1 claro que est\u00e1n jugando en conjunto en contra de los trabajadores. Los bancarios obtuvieron un aumento y el gobierno, a trav\u00e9s del ministerio de Trabajo, no quiere que lo cobren y recurri\u00f3 a la justicia para eso\u00bb.<\/p>\n<p>   Y advirti\u00f3: \u00abEsto no es una medida de fuerza solamente, es el inicio de un plan de lucha para que cumplan los compromisos contra\u00eddos\u00bb.<\/p>\n<p>   Desde la CGT cifraron en m\u00e1s de 400 mil, los trabajadores -entre formales e informales- que perdieron el trabajo desde la asunci\u00f3n de Mauricio Macri a la presidencia de la Naci\u00f3n \u00aby son much\u00edsimo m\u00e1s los que tienen miedo a perder el trabajo y much\u00edsimos m\u00e1s aun lo que aun teniendo trabajo no les alcanza para llegar a fin de mes\u00bb concluy\u00f3 Acu\u00f1a.<\/p>\n","protected":false},"excerpt":{"rendered":"<p>(Minutouno) &#8211; El 7 de marzo habr\u00e1 una movilizaci\u00f3n de los gremios industriales al Ministerio de Producci\u00f3n y a fines de ese mismo mes, en fecha a definir, tendr\u00e1 lugar un paro general a partir del mediod\u00eda. El triunvirato que conduce la reunificada CGT anunci\u00f3 su decisi\u00f3n de no volver a participar m\u00e1s de las [&hellip;]<\/p>\n","protected":false},"author":4,"featured_media":13995,"comment_status":"open","ping_status":"closed","sticky":false,"template":"","format":"standard","meta":{"om_disable_all_campaigns":false,"_jetpack_memberships_contains_paid_content":false,"footnotes":""},"categories":[3],"tags":[],"class_list":["post-13994","post","type-post","status-publish","format-standard","has-post-thumbnail","hentry","category-nacionales"],"aioseo_notices":[],"gutentor_comment":0,"jetpack_featured_media_url":"https:\/\/eldiariodesanpedro.com.ar\/sitio\/wp-content\/uploads\/2017\/02\/CGT-1.jpg","jetpack_shortlink":"https:\/\/wp.me\/p6RhLt-3DI","jetpack_sharing_enabled":true,"_links":{"self":[{"href":"https:\/\/eldiariodesanpedro.com.ar\/sitio\/wp-json\/wp\/v2\/posts\/13994","targetHints":{"allow":["GET"]}}],"collection":[{"href":"https:\/\/eldiariodesanpedro.com.ar\/sitio\/wp-json\/wp\/v2\/posts"}],"about":[{"href":"https:\/\/eldiariodesanpedro.com.ar\/sitio\/wp-json\/wp\/v2\/types\/post"}],"author":[{"embeddable":true,"href":"https:\/\/eldiariodesanpedro.com.ar\/sitio\/wp-json\/wp\/v2\/users\/4"}],"replies":[{"embeddable":true,"href":"https:\/\/eldiariodesanpedro.com.ar\/sitio\/wp-json\/wp\/v2\/comments?post=13994"}],"version-history":[{"count":1,"href":"https:\/\/eldiariodesanpedro.com.ar\/sitio\/wp-json\/wp\/v2\/posts\/13994\/revisions"}],"predecessor-version":[{"id":13996,"href":"https:\/\/eldiariodesanpedro.com.ar\/sitio\/wp-json\/wp\/v2\/posts\/13994\/revisions\/13996"}],"wp:featuredmedia":[{"embeddable":true,"href":"https:\/\/eldiariodesanpedro.com.ar\/sitio\/wp-json\/wp\/v2\/media\/13995"}],"wp:attachment":[{"href":"https:\/\/eldiariodesanpedro.com.ar\/sitio\/wp-json\/wp\/v2\/media?parent=13994"}],"wp:term":[{"taxonomy":"category","embeddable":true,"href":"https:\/\/eldiariodesanpedro.com.ar\/sitio\/wp-json\/wp\/v2\/categories?post=13994"},{"taxonomy":"post_tag","embeddable":true,"href":"https:\/\/eldiariodesanpedro.com.ar\/sitio\/wp-json\/wp\/v2\/tags?post=13994"}],"curies":[{"name":"wp","href":"https:\/\/api.w.org\/{rel}","templated":true}]}}